{"id":125188,"date":"2023-08-03T09:54:25","date_gmt":"2023-08-03T12:54:25","guid":{"rendered":"https:\/\/vinasfm.com\/noticias\/?p=125188"},"modified":"2023-08-04T10:04:17","modified_gmt":"2023-08-04T13:04:17","slug":"alejandro-molero-no-podemos-tratar-de-tontos-a-la-ciudadania","status":"publish","type":"post","link":"https:\/\/vinasfm.com\/noticias\/alejandro-molero-no-podemos-tratar-de-tontos-a-la-ciudadania\/","title":{"rendered":"ALEJANDRO MOLERO: \u201cNO PODEMOS TRATAR DE TONTOS A LOS CIUDADANOS\u201d"},"content":{"rendered":"<p><strong>En medio de un proceso de unificaci\u00f3n de trabajo con quienes compiti\u00f3 en las PASO de junio, Molero pone en marcha una nueva campa\u00f1a electoral. <\/strong><\/p>\n<p>El ahora candidato a Intendente de General Alvear asegur\u00f3 que <strong>\u201crealizar un ensamble de equipo y sumar a m\u00e1s gente logra aportes importantes que nos llenan de satisfacci\u00f3n y esperanza en medio de una crisis tan triste\u201d. <\/strong>Molero ya mantuvo reuniones con distintos sindicatos buscando nutrirse de la necesidad de los trabajadores a trav\u00e9s del dialogo.<\/p>\n<p>El candidato del oficialismo sentenci\u00f3 que <strong><em>\u201cArgentina necesita cambiar a un modelo de gobierno que apoye a los que se animen a producir, generar negocios e iniciar emprendimientos. Muchas figuras pol\u00edticas prometieron tantas cosas y terminaron siendo m\u00e1s de lo mismo\u201d<\/em><\/strong> y agreg\u00f3 <strong><em>\u201ca la ciudadan\u00eda hay que hablarles como personas inteligentes y no tratarlos de tontos\u201d.<\/em><\/strong><\/p>\n<p>El tambi\u00e9n Director del ISCAMEN puso en valor el trabajo que se realiza en el instituto e insisti\u00f3 que <strong><em>\u201cse busca transformar a General Alvear un polo de desarrollo de tecnolog\u00eda, biolog\u00eda y ciencia referente de todo el pa\u00eds\u201d.<\/em><\/strong> La bioplanta ha generado importantes fuentes de trabajo que les ha permitido a los mismos trabajadores explorar ramas de la ciencia que anteriormente no hab\u00edan contemplado, <strong><em>\u201ccuando hablamos con ellos nos manifiestan que no imaginaban tener la capacidad de genera un polo de desarrollo productivo en el departamento\u201d.<\/em><\/strong><\/p>\n<p>Por \u00faltimo, Alejandro Molero, sostuvo que <strong><em>\u201ces muy dif\u00edcil militar la esperanza y llevar un mensaje de optimismo cuando la gente est\u00e1 tan triste, pero no podemos bajar los brazos. Hay que trabajar por el futuro y buscar generar dejarle m\u00e1s oportunidades a las nuevas generaciones\u201d. <\/em><\/strong><\/p>\n","protected":false},"excerpt":{"rendered":"<p>En medio de un proceso de unificaci\u00f3n de trabajo con quienes compiti\u00f3 en las PASO de junio, Molero pone en marcha &#8230;<\/p>\n","protected":false},"author":7,"featured_media":125189,"comment_status":"open","ping_status":"open","sticky":false,"template":"","format":"standard","meta":{"footnotes":""},"categories":[5,7],"tags":[],"class_list":["post-125188","post","type-post","status-publish","format-standard","has-post-thumbnail","hentry","category-actualidad","category-politica"],"_links":{"self":[{"href":"https:\/\/vinasfm.com\/noticias\/wp-json\/wp\/v2\/posts\/125188","targetHints":{"allow":["GET"]}}],"collection":[{"href":"https:\/\/vinasfm.com\/noticias\/wp-json\/wp\/v2\/posts"}],"about":[{"href":"https:\/\/vinasfm.com\/noticias\/wp-json\/wp\/v2\/types\/post"}],"author":[{"embeddable":true,"href":"https:\/\/vinasfm.com\/noticias\/wp-json\/wp\/v2\/users\/7"}],"replies":[{"embeddable":true,"href":"https:\/\/vinasfm.com\/noticias\/wp-json\/wp\/v2\/comments?post=125188"}],"version-history":[{"count":3,"href":"https:\/\/vinasfm.com\/noticias\/wp-json\/wp\/v2\/posts\/125188\/revisions"}],"predecessor-version":[{"id":125242,"href":"https:\/\/vinasfm.com\/noticias\/wp-json\/wp\/v2\/posts\/125188\/revisions\/125242"}],"wp:featuredmedia":[{"embeddable":true,"href":"https:\/\/vinasfm.com\/noticias\/wp-json\/wp\/v2\/media\/125189"}],"wp:attachment":[{"href":"https:\/\/vinasfm.com\/noticias\/wp-json\/wp\/v2\/media?parent=125188"}],"wp:term":[{"taxonomy":"category","embeddable":true,"href":"https:\/\/vinasfm.com\/noticias\/wp-json\/wp\/v2\/categories?post=125188"},{"taxonomy":"post_tag","embeddable":true,"href":"https:\/\/vinasfm.com\/noticias\/wp-json\/wp\/v2\/tags?post=125188"}],"curies":[{"name":"wp","href":"https:\/\/api.w.org\/{rel}","templated":true}]}}