{"id":125165,"date":"2023-08-02T19:06:07","date_gmt":"2023-08-02T22:06:07","guid":{"rendered":"https:\/\/vinasfm.com\/noticias\/?p=125165"},"modified":"2023-08-03T10:50:47","modified_gmt":"2023-08-03T13:50:47","slug":"ypf-tambien-incremento-sus-precios-a-cuanto-quedo-el-litro-de-nafta","status":"publish","type":"post","link":"https:\/\/vinasfm.com\/noticias\/ypf-tambien-incremento-sus-precios-a-cuanto-quedo-el-litro-de-nafta\/","title":{"rendered":"YPF TAMBI\u00c9N INCREMENT\u00d3 SUS PRECIOS: A CU\u00c1NTO QUED\u00d3 EL LITRO DE NAFTA"},"content":{"rendered":"<p><strong>Luego de que Shell mostrara subas en los precios de sus combustibles, durante la ma\u00f1ana del martes, YPF sigui\u00f3 sus pasos este mi\u00e9rcoles.<\/strong><\/p>\n<p>Agosto inici\u00f3 con un nuevo aumento en los\u00a0<strong>combustibles<\/strong>, durante la ma\u00f1ana del martes, Shell actualiz\u00f3 sus precios y, este mi\u00e9rcoles, se sum\u00f3\u00a0<strong>YPF<\/strong>. El incremento fue en torno al 4,5%.<\/p>\n<p>Estas subas responde a la medida que las petroleras pautaron con el Gobierno nacional desde noviembre del 2022, cuando acordaron el ingreso al programa Precios Justos, por el que se comprometieron a subas mensuales de 4% en una primera etapa y 4,5% en una segunda etapa que se extend\u00eda hasta este mes.<\/p>\n<p>En consecuencia, el de hoy es el octavo incremento del a\u00f1o y el \u00faltimo pautado en el acuerdo original, por lo que se espera si el Ministerio de Econom\u00eda a trav\u00e9s de las secretar\u00edas de Comercio y de Energ\u00eda convocan a las petroleras para renegociar la continuidad para los pr\u00f3ximos meses.<\/p>\n<h2>As\u00ed quedaron los precios de YPF en General Alvear<\/h2>\n<ul>\n<li>Nafta s\u00faper: <strong>$243,<\/strong>8<\/li>\n<li>Infinia:<strong> $310,1<\/strong><\/li>\n<li>Ultra:<strong> $272,5<\/strong><\/li>\n<li>Infinia Diesel: <strong>$351,5<\/strong><\/li>\n<\/ul>\n","protected":false},"excerpt":{"rendered":"<p>Luego de que Shell mostrara subas en los precios de sus combustibles, durante la ma\u00f1ana del martes, YPF sigui\u00f3 sus pasos &#8230;<\/p>\n","protected":false},"author":7,"featured_media":125169,"comment_status":"open","ping_status":"open","sticky":false,"template":"","format":"standard","meta":{"footnotes":""},"categories":[5,169],"tags":[],"class_list":["post-125165","post","type-post","status-publish","format-standard","has-post-thumbnail","hentry","category-actualidad","category-aumentos"],"_links":{"self":[{"href":"https:\/\/vinasfm.com\/noticias\/wp-json\/wp\/v2\/posts\/125165","targetHints":{"allow":["GET"]}}],"collection":[{"href":"https:\/\/vinasfm.com\/noticias\/wp-json\/wp\/v2\/posts"}],"about":[{"href":"https:\/\/vinasfm.com\/noticias\/wp-json\/wp\/v2\/types\/post"}],"author":[{"embeddable":true,"href":"https:\/\/vinasfm.com\/noticias\/wp-json\/wp\/v2\/users\/7"}],"replies":[{"embeddable":true,"href":"https:\/\/vinasfm.com\/noticias\/wp-json\/wp\/v2\/comments?post=125165"}],"version-history":[{"count":1,"href":"https:\/\/vinasfm.com\/noticias\/wp-json\/wp\/v2\/posts\/125165\/revisions"}],"predecessor-version":[{"id":125166,"href":"https:\/\/vinasfm.com\/noticias\/wp-json\/wp\/v2\/posts\/125165\/revisions\/125166"}],"wp:featuredmedia":[{"embeddable":true,"href":"https:\/\/vinasfm.com\/noticias\/wp-json\/wp\/v2\/media\/125169"}],"wp:attachment":[{"href":"https:\/\/vinasfm.com\/noticias\/wp-json\/wp\/v2\/media?parent=125165"}],"wp:term":[{"taxonomy":"category","embeddable":true,"href":"https:\/\/vinasfm.com\/noticias\/wp-json\/wp\/v2\/categories?post=125165"},{"taxonomy":"post_tag","embeddable":true,"href":"https:\/\/vinasfm.com\/noticias\/wp-json\/wp\/v2\/tags?post=125165"}],"curies":[{"name":"wp","href":"https:\/\/api.w.org\/{rel}","templated":true}]}}