{"id":125095,"date":"2023-08-01T10:06:54","date_gmt":"2023-08-01T13:06:54","guid":{"rendered":"https:\/\/vinasfm.com\/noticias\/?p=125095"},"modified":"2023-08-02T09:51:44","modified_gmt":"2023-08-02T12:51:44","slug":"crimen-de-hector-dionisio-aguilar-dos-de-los-acusados-salieron-de-la-carcel","status":"publish","type":"post","link":"https:\/\/vinasfm.com\/noticias\/crimen-de-hector-dionisio-aguilar-dos-de-los-acusados-salieron-de-la-carcel\/","title":{"rendered":"CRIMEN DE H\u00c9CTOR DIONISIO AGUILAR: DOS DE LOS ACUSADOS SALIERON DE LA C\u00c1RCEL"},"content":{"rendered":"<p><strong>Silvia Luffi, pareja del principal acusado, y C\u00e9sar Campos, dos de los acusados que tiene la causa en que se investiga el homicidio de H\u00e9ctor Dionisio Aguilar (64), salieron ayer de la c\u00e1rcel. Seg\u00fan se pudo conocer, la mujer obtuvo el beneficio del arresto domiciliario mientras que Campos \u2013que ayer declar\u00f3 ante el Fiscal- fue dejado en libertad bajo fianza. No obstante, se dej\u00f3 aclarado que ambos contin\u00faan siendo investigados en el expediente.<\/strong><\/p>\n<p><strong><br \/>\n<\/strong>As\u00ed las cosas, por el caso solo permanece en la c\u00e1rcel el principal sospechoso, Brian R\u00edos, quien d\u00edas atr\u00e1s se \u201cquebr\u00f3\u201d e indic\u00f3 a las autoridades d\u00f3nde estaba el cuerpo de la v\u00edctima. En tanto, los otros acusados, Alan Mart\u00ednez y Hern\u00e1n Oviedo, permanecen detenidos purgando otras sanciones penales.<\/p>\n<h2><strong>C\u00f3mo sigue la investigaci\u00f3n<\/strong><\/h2>\n<p><strong><br \/>\n<\/strong>El resultado de la necropsia sobre el cuerpo de la v\u00edctima y el resto del plexo probatorio obrante en la causa han resultado concluyentes para determinar que el detenido Brian R\u00edos estar\u00eda seriamente involucrado en la autor\u00eda material del crimen.<\/p>\n<p>Con el correr de las horas y, entre otras cosas, el an\u00e1lisis de las comunicaciones entre los imputados y de estos con Aguilar, la situaci\u00f3n f\u00e1ctica del hecho parece aclararse. En ese sentido, la actuaci\u00f3n de R\u00edos resultar\u00eda clave: se estima que el ex presidiario actu\u00f3 solo a la hora de asesinar al sexagenario cordob\u00e9s.<\/p>\n<p>Los investigadores creen que el 2 de julio \u00faltimo R\u00edos esper\u00f3 a Aguilar en la estaci\u00f3n de servicio de Salto de las Rosas, se subi\u00f3 con \u00e9l en el VW Gol Trend de la v\u00edctima, lo atac\u00f3 con un arma blanca y lo traslad\u00f3 en estado agonizante hasta las cercan\u00edas de la mina de Sierra Pintada. Una vez all\u00ed, R\u00edos le habr\u00eda atado las manos al cordob\u00e9s con un alambre y lo habr\u00eda rematado con una pedrada en la cabeza, para luego enterrarlo bajo una pirca de piedra laja, lugar donde luego fue hallado el cuerpo de la v\u00edctima, tras la confesi\u00f3n del propio R\u00edos.<\/p>\n<p>La situaci\u00f3n de los otros detenidos es analizada actualmente por la fiscal\u00eda que encabeza el doctor Javier Giaroli. Extraoficialmente, la hip\u00f3tesis m\u00e1s firme es que tanto la pareja de R\u00edos, Silvia Luffi, como Alan Mart\u00ednez y Hern\u00e1n Oviedo participaron de los enga\u00f1os y las estafas contra Aguilar, pero no habr\u00edan sabido del homicidio, lo que morigerar\u00eda sustancialmente su situaci\u00f3n procesal. En tanto, el hombre que escondi\u00f3 el VW Gol Trend de Aguilar en Cuadro Benegas, C\u00e9sar Campos, ser\u00eda investigado por el delito de encubrimiento con \u00e1nimo de lucro ya que R\u00edos lo habr\u00eda enga\u00f1ado haci\u00e9ndose pasar por Aguilar y pidi\u00e9ndole que desarmara el veh\u00edculo.<\/p>\n<p>Esta no es la postura del abogado que representa a la familia del hombre asesinado. El letrado Daniel Fern\u00e1ndez considera que todos los acusados prestaron su colaboraci\u00f3n para el homicidio \u201cpremeditado y alevoso\u201d \u2013seg\u00fan dijo- de Aguilar. En este sentido, Fern\u00e1ndez llegar\u00eda hoy a nuestro departamento para constituirse como querellante particular en la causa y colaborar con la tarea de la fiscal\u00eda.<\/p>\n<p>Fuentes consultadas por Diario San Rafael estimaron que, ante lo indudable de la prueba, R\u00edos optar\u00e1 por un juicio abreviado y no enfrentar\u00e1 un juicio por jurados populares. La prisi\u00f3n perpetua es la \u00fanica pena que la fiscal\u00eda eval\u00faa como posible.<\/p>\n","protected":false},"excerpt":{"rendered":"<p>Silvia Luffi, pareja del principal acusado, y C\u00e9sar Campos, dos de los acusados que tiene la causa en que se investiga &#8230;<\/p>\n","protected":false},"author":7,"featured_media":125096,"comment_status":"open","ping_status":"open","sticky":false,"template":"","format":"standard","meta":{"footnotes":""},"categories":[5,10],"tags":[],"class_list":["post-125095","post","type-post","status-publish","format-standard","has-post-thumbnail","hentry","category-actualidad","category-destacadas"],"_links":{"self":[{"href":"https:\/\/vinasfm.com\/noticias\/wp-json\/wp\/v2\/posts\/125095","targetHints":{"allow":["GET"]}}],"collection":[{"href":"https:\/\/vinasfm.com\/noticias\/wp-json\/wp\/v2\/posts"}],"about":[{"href":"https:\/\/vinasfm.com\/noticias\/wp-json\/wp\/v2\/types\/post"}],"author":[{"embeddable":true,"href":"https:\/\/vinasfm.com\/noticias\/wp-json\/wp\/v2\/users\/7"}],"replies":[{"embeddable":true,"href":"https:\/\/vinasfm.com\/noticias\/wp-json\/wp\/v2\/comments?post=125095"}],"version-history":[{"count":2,"href":"https:\/\/vinasfm.com\/noticias\/wp-json\/wp\/v2\/posts\/125095\/revisions"}],"predecessor-version":[{"id":125100,"href":"https:\/\/vinasfm.com\/noticias\/wp-json\/wp\/v2\/posts\/125095\/revisions\/125100"}],"wp:featuredmedia":[{"embeddable":true,"href":"https:\/\/vinasfm.com\/noticias\/wp-json\/wp\/v2\/media\/125096"}],"wp:attachment":[{"href":"https:\/\/vinasfm.com\/noticias\/wp-json\/wp\/v2\/media?parent=125095"}],"wp:term":[{"taxonomy":"category","embeddable":true,"href":"https:\/\/vinasfm.com\/noticias\/wp-json\/wp\/v2\/categories?post=125095"},{"taxonomy":"post_tag","embeddable":true,"href":"https:\/\/vinasfm.com\/noticias\/wp-json\/wp\/v2\/tags?post=125095"}],"curies":[{"name":"wp","href":"https:\/\/api.w.org\/{rel}","templated":true}]}}