{"id":125091,"date":"2023-08-01T07:58:28","date_gmt":"2023-08-01T10:58:28","guid":{"rendered":"https:\/\/vinasfm.com\/noticias\/?p=125091"},"modified":"2023-08-01T09:59:05","modified_gmt":"2023-08-01T12:59:05","slug":"martin-ayerbe-precandidato-a-presidente-vamos-a-liberar-a-la-argentina-con-el-estado-empresario-argentino","status":"publish","type":"post","link":"https:\/\/vinasfm.com\/noticias\/martin-ayerbe-precandidato-a-presidente-vamos-a-liberar-a-la-argentina-con-el-estado-empresario-argentino\/","title":{"rendered":"MART\u00cdN AYERBE, PRECANDIDATO A PRESIDENTE: \u201cVAMOS A LIBERAR A LA ARGENTINA CON EL ESTADO EMPRESARIO ARGENTINO\u201d"},"content":{"rendered":"<p><strong>El precandidato por la Lista 94 B \u201cPatria Unida\u201d estuvo presente en la provincia durante el \u00faltimo fin de semana.<\/strong><\/p>\n<p><strong><em>\u201cDurante todo el a\u00f1o nos hemos reunido con otros argentinos que comparten que la Patria debe recuperar su l\u00ednea de pensamiento nacional\u201d,<\/em><\/strong> expres\u00f3 Ayerbe y sostuvo que <strong><em>\u201cArgentina se encuentra bajo un condici\u00f3n de presi\u00f3n colonial por parte de las potencias extranjeras. Debemos poder marcar nuestro propio destino a trav\u00e9s de nuestra fuerza productiva\u201d.<\/em><\/strong><\/p>\n<p>Dentro de sus propuestas Mart\u00edn Ayerbe destaca: <strong><em>\u201cimpulsamos un proyecto de industrializaci\u00f3n para la Argentina, que tiene como base el Estado empresario argentino para el desarrollo de las fuerzas productivas nacionales de la peque\u00f1a y mediana empresa\u201d.<\/em><\/strong><\/p>\n<p><strong><em>\u201cVamos a liberar a la Argentina con el Estado empresario argentino, necesitamos crear industrias en las provincias para que la gente no tenga que irse. El sue\u00f1o de liberaci\u00f3n debe ser la gu\u00eda de nuestro pueblo\u201d,<\/em><\/strong> manifest\u00f3 en <span style=\"color: #800080;\"><strong>F.M VI\u00d1AS.<\/strong><\/span><\/p>\n<p>En las PASO Nacionales que se realizar\u00e1n el pr\u00f3ximo 13 de agosto del corriente a\u00f1o, Mar\u00edn Miguel Ayerbe Ortiz buscar\u00e1 llegar al Gobierno Nacional junto a Hugo Mauricio Ezequiel Rodr\u00edguez, precandidato a Vicepresidente.<\/p>\n<p><a href=\"https:\/\/vinasfm.com\/noticias\/wp-content\/uploads\/2023\/08\/744426-94-20b-20proyecto-20joven.jpg\"><img loading=\"lazy\" decoding=\"async\" class=\"wp-image-125092 aligncenter\" src=\"https:\/\/vinasfm.com\/noticias\/wp-content\/uploads\/2023\/08\/744426-94-20b-20proyecto-20joven.jpg\" alt=\"\" width=\"500\" height=\"793\" srcset=\"https:\/\/vinasfm.com\/noticias\/wp-content\/uploads\/2023\/08\/744426-94-20b-20proyecto-20joven.jpg 960w, https:\/\/vinasfm.com\/noticias\/wp-content\/uploads\/2023\/08\/744426-94-20b-20proyecto-20joven-189x300.jpg 189w, https:\/\/vinasfm.com\/noticias\/wp-content\/uploads\/2023\/08\/744426-94-20b-20proyecto-20joven-645x1024.jpg 645w, https:\/\/vinasfm.com\/noticias\/wp-content\/uploads\/2023\/08\/744426-94-20b-20proyecto-20joven-768x1218.jpg 768w\" sizes=\"auto, (max-width: 500px) 100vw, 500px\" \/><\/a><\/p>\n","protected":false},"excerpt":{"rendered":"<p>El precandidato por la Lista 94 B \u201cPatria Unida\u201d estuvo presente en la provincia durante el \u00faltimo fin de semana. \u201cDurante &#8230;<\/p>\n","protected":false},"author":7,"featured_media":125093,"comment_status":"open","ping_status":"open","sticky":false,"template":"","format":"standard","meta":{"footnotes":""},"categories":[1],"tags":[],"class_list":["post-125091","post","type-post","status-publish","format-standard","has-post-thumbnail","hentry","category-fmvinas"],"_links":{"self":[{"href":"https:\/\/vinasfm.com\/noticias\/wp-json\/wp\/v2\/posts\/125091","targetHints":{"allow":["GET"]}}],"collection":[{"href":"https:\/\/vinasfm.com\/noticias\/wp-json\/wp\/v2\/posts"}],"about":[{"href":"https:\/\/vinasfm.com\/noticias\/wp-json\/wp\/v2\/types\/post"}],"author":[{"embeddable":true,"href":"https:\/\/vinasfm.com\/noticias\/wp-json\/wp\/v2\/users\/7"}],"replies":[{"embeddable":true,"href":"https:\/\/vinasfm.com\/noticias\/wp-json\/wp\/v2\/comments?post=125091"}],"version-history":[{"count":1,"href":"https:\/\/vinasfm.com\/noticias\/wp-json\/wp\/v2\/posts\/125091\/revisions"}],"predecessor-version":[{"id":125094,"href":"https:\/\/vinasfm.com\/noticias\/wp-json\/wp\/v2\/posts\/125091\/revisions\/125094"}],"wp:featuredmedia":[{"embeddable":true,"href":"https:\/\/vinasfm.com\/noticias\/wp-json\/wp\/v2\/media\/125093"}],"wp:attachment":[{"href":"https:\/\/vinasfm.com\/noticias\/wp-json\/wp\/v2\/media?parent=125091"}],"wp:term":[{"taxonomy":"category","embeddable":true,"href":"https:\/\/vinasfm.com\/noticias\/wp-json\/wp\/v2\/categories?post=125091"},{"taxonomy":"post_tag","embeddable":true,"href":"https:\/\/vinasfm.com\/noticias\/wp-json\/wp\/v2\/tags?post=125091"}],"curies":[{"name":"wp","href":"https:\/\/api.w.org\/{rel}","templated":true}]}}