{"id":125071,"date":"2023-08-01T08:35:50","date_gmt":"2023-08-01T11:35:50","guid":{"rendered":"https:\/\/vinasfm.com\/noticias\/?p=125071"},"modified":"2023-08-02T09:04:13","modified_gmt":"2023-08-02T12:04:13","slug":"general-alvear-dijo-presente-en-la-rural","status":"publish","type":"post","link":"https:\/\/vinasfm.com\/noticias\/general-alvear-dijo-presente-en-la-rural\/","title":{"rendered":"GENERAL ALVEAR DIJO PRESENTE EN LA RURAL"},"content":{"rendered":"<div dir=\"auto\"><strong>Dentro de la amplia agenda que desarrollaron hubo una gran interacci\u00f3n con empresarios y productores agropecuarios, que comparten realidades an\u00e1logas a las que se viven en la zona.<\/strong><\/div>\n<div dir=\"auto\"><\/div>\n<div dir=\"auto\">Adem\u00e1s, establecieron relaciones con expositores (grandes y chicos) que participan de la exposici\u00f3n con el fin de que tambi\u00e9n sean parte de nuestra fiesta, la mayor del oeste argentino, la Fiesta Nacional de la Ganader\u00eda de Zonas \u00c1ridas.<\/div>\n<div dir=\"auto\"><\/div>\n<div dir=\"auto\"><em><strong>\u201cEs una oportunidad para conocer realidades del sector productivo que en el fondo no son tan distintas a la nuestra, dialogar con empresarios y productores agropecuarios, recoger experiencias y sobre todo, como salir adelante cuando todo parece estar en contra por la situaci\u00f3n econ\u00f3mica, es algo muy bueno\u00bb<\/strong><\/em>, dijo Jorge Noguerol, presidente de la C\u00e1mara de Alvear. Ya de regreso en el departamento expres\u00f3 <em><strong>\u201chemos vuelto a Alvear con mucha informaci\u00f3n y datos con los que trabajar durante el a\u00f1o. Se lograron importantes contactos pero es de destacar la calidad de los mismos, seguramente seguiremos visitando m\u00e1s ferias para seguir nutri\u00e9ndonos de relaciones que nacen en estas exposiciones rurales\u201d.<\/strong><\/em><\/div>\n<div dir=\"auto\"><\/div>\n<div dir=\"auto\">La comitiva alvearense: Jorge Noguerol, presidente de la C\u00e1mara de Comercio de General Alvear, Carlos Porta, vicepresidente, Ramiro Labay, presidente espec\u00edfica de Ganader\u00eda, Andr\u00e9s Vavrik, ex presidente, Jos\u00e9 Mar\u00eda Santol\u00edn, Carlos Hern\u00e1ndez y Milton Fern\u00e1ndez, gerente.<\/div>\n<div dir=\"auto\"><\/div>\n<div dir=\"auto\">Daiana Suans, Embajadora Nacional de la Ganader\u00eda de Zonas \u00c1ridas, tambi\u00e9n form\u00f3 parte de La Rural.<\/div>\n<div dir=\"auto\"><img loading=\"lazy\" decoding=\"async\" class=\"\" src=\"https:\/\/scontent.fcor13-1.fna.fbcdn.net\/v\/t39.30808-6\/362253884_696363835867273_7093466368206725287_n.jpg?stp=dst-jpg_p720x720&amp;_nc_cat=106&amp;ccb=1-7&amp;_nc_sid=730e14&amp;_nc_eui2=AeHmxecYccQSO5NxXjbpZWCRbv1ScjIf-0du_VJyMh_7R0PZNT5-86mM0C_L_EUqBl5qya2p-bm7uWrdFKEK72aj&amp;_nc_ohc=0BEkKozKVsQAX9229_V&amp;_nc_ht=scontent.fcor13-1.fna&amp;oh=00_AfAG_Z5HR1vOanE06hBA8Y95mrH0GCvrdOVVa30mktQC5Q&amp;oe=64CDCEC2\" width=\"263\" height=\"351\" \/> <a href=\"https:\/\/vinasfm.com\/noticias\/wp-content\/uploads\/2023\/08\/WhatsApp-Image-2023-08-01-at-08.34.58.jpeg\"><img loading=\"lazy\" decoding=\"async\" class=\"alignnone wp-image-125074\" src=\"https:\/\/vinasfm.com\/noticias\/wp-content\/uploads\/2023\/08\/WhatsApp-Image-2023-08-01-at-08.34.58.jpeg\" alt=\"\" width=\"243\" height=\"351\" \/><\/a><\/div>\n","protected":false},"excerpt":{"rendered":"<p>Dentro de la amplia agenda que desarrollaron hubo una gran interacci\u00f3n con empresarios y productores agropecuarios, que comparten realidades an\u00e1logas a &#8230;<\/p>\n","protected":false},"author":7,"featured_media":125073,"comment_status":"open","ping_status":"open","sticky":false,"template":"","format":"standard","meta":{"footnotes":""},"categories":[5,69],"tags":[],"class_list":["post-125071","post","type-post","status-publish","format-standard","has-post-thumbnail","hentry","category-actualidad","category-comercio"],"_links":{"self":[{"href":"https:\/\/vinasfm.com\/noticias\/wp-json\/wp\/v2\/posts\/125071","targetHints":{"allow":["GET"]}}],"collection":[{"href":"https:\/\/vinasfm.com\/noticias\/wp-json\/wp\/v2\/posts"}],"about":[{"href":"https:\/\/vinasfm.com\/noticias\/wp-json\/wp\/v2\/types\/post"}],"author":[{"embeddable":true,"href":"https:\/\/vinasfm.com\/noticias\/wp-json\/wp\/v2\/users\/7"}],"replies":[{"embeddable":true,"href":"https:\/\/vinasfm.com\/noticias\/wp-json\/wp\/v2\/comments?post=125071"}],"version-history":[{"count":1,"href":"https:\/\/vinasfm.com\/noticias\/wp-json\/wp\/v2\/posts\/125071\/revisions"}],"predecessor-version":[{"id":125075,"href":"https:\/\/vinasfm.com\/noticias\/wp-json\/wp\/v2\/posts\/125071\/revisions\/125075"}],"wp:featuredmedia":[{"embeddable":true,"href":"https:\/\/vinasfm.com\/noticias\/wp-json\/wp\/v2\/media\/125073"}],"wp:attachment":[{"href":"https:\/\/vinasfm.com\/noticias\/wp-json\/wp\/v2\/media?parent=125071"}],"wp:term":[{"taxonomy":"category","embeddable":true,"href":"https:\/\/vinasfm.com\/noticias\/wp-json\/wp\/v2\/categories?post=125071"},{"taxonomy":"post_tag","embeddable":true,"href":"https:\/\/vinasfm.com\/noticias\/wp-json\/wp\/v2\/tags?post=125071"}],"curies":[{"name":"wp","href":"https:\/\/api.w.org\/{rel}","templated":true}]}}