{"id":125067,"date":"2023-08-01T08:18:28","date_gmt":"2023-08-01T11:18:28","guid":{"rendered":"https:\/\/vinasfm.com\/noticias\/?p=125067"},"modified":"2023-08-02T09:04:58","modified_gmt":"2023-08-02T12:04:58","slug":"detuvieron-en-bowen-a-dos-menores-que-circulaban-en-motos-robadas","status":"publish","type":"post","link":"https:\/\/vinasfm.com\/noticias\/detuvieron-en-bowen-a-dos-menores-que-circulaban-en-motos-robadas\/","title":{"rendered":"DETUVIERON EN BOWEN A DOS MENORES QUE CIRCULABAN EN MOTOS ROBADAS"},"content":{"rendered":"<p><strong>Cerca del mediod\u00eda de este lunes personal policial procede a controlar en calle Artaza y Uriburu, de Bowen, a dos j\u00f3venes en motocicletas.<\/strong><\/p>\n<p>Se constata que ser\u00edan <strong>dos menores de edad<\/strong>, de 15 y 16 a\u00f1os,<strong> que circulaban en una moto de 150cc y otra de 110cc.<\/strong> Conforme a la verificaci\u00f3n de n\u00famero de motor y chasis <strong>una de las motocicletas hab\u00eda sido denunciada c\u00f3mo sustra\u00edda en Comisar\u00eda 14.<\/strong><\/p>\n<p>En la otra motocicleta no corresponde el motor con el chasis. <strong>Quedando alojados los menores en UPANA General Alvear a disposici\u00f3n de la justicia.<\/strong><\/p>\n","protected":false},"excerpt":{"rendered":"<p>Cerca del mediod\u00eda de este lunes personal policial procede a controlar en calle Artaza y Uriburu, de Bowen, a dos j\u00f3venes &#8230;<\/p>\n","protected":false},"author":7,"featured_media":117843,"comment_status":"open","ping_status":"open","sticky":false,"template":"","format":"standard","meta":{"footnotes":""},"categories":[5,4],"tags":[],"class_list":["post-125067","post","type-post","status-publish","format-standard","has-post-thumbnail","hentry","category-actualidad","category-policiales"],"_links":{"self":[{"href":"https:\/\/vinasfm.com\/noticias\/wp-json\/wp\/v2\/posts\/125067","targetHints":{"allow":["GET"]}}],"collection":[{"href":"https:\/\/vinasfm.com\/noticias\/wp-json\/wp\/v2\/posts"}],"about":[{"href":"https:\/\/vinasfm.com\/noticias\/wp-json\/wp\/v2\/types\/post"}],"author":[{"embeddable":true,"href":"https:\/\/vinasfm.com\/noticias\/wp-json\/wp\/v2\/users\/7"}],"replies":[{"embeddable":true,"href":"https:\/\/vinasfm.com\/noticias\/wp-json\/wp\/v2\/comments?post=125067"}],"version-history":[{"count":3,"href":"https:\/\/vinasfm.com\/noticias\/wp-json\/wp\/v2\/posts\/125067\/revisions"}],"predecessor-version":[{"id":125099,"href":"https:\/\/vinasfm.com\/noticias\/wp-json\/wp\/v2\/posts\/125067\/revisions\/125099"}],"wp:featuredmedia":[{"embeddable":true,"href":"https:\/\/vinasfm.com\/noticias\/wp-json\/wp\/v2\/media\/117843"}],"wp:attachment":[{"href":"https:\/\/vinasfm.com\/noticias\/wp-json\/wp\/v2\/media?parent=125067"}],"wp:term":[{"taxonomy":"category","embeddable":true,"href":"https:\/\/vinasfm.com\/noticias\/wp-json\/wp\/v2\/categories?post=125067"},{"taxonomy":"post_tag","embeddable":true,"href":"https:\/\/vinasfm.com\/noticias\/wp-json\/wp\/v2\/tags?post=125067"}],"curies":[{"name":"wp","href":"https:\/\/api.w.org\/{rel}","templated":true}]}}