{"id":125063,"date":"2023-08-01T09:00:41","date_gmt":"2023-08-01T12:00:41","guid":{"rendered":"https:\/\/vinasfm.com\/noticias\/?p=125063"},"modified":"2023-08-02T09:25:11","modified_gmt":"2023-08-02T12:25:11","slug":"con-equipos-de-san-rafael-la-clinica-de-futsal-tuvo-un-balance-positivo","status":"publish","type":"post","link":"https:\/\/vinasfm.com\/noticias\/con-equipos-de-san-rafael-la-clinica-de-futsal-tuvo-un-balance-positivo\/","title":{"rendered":"CON EQUIPOS DE SAN RAFAEL, LA CL\u00cdNICA DE FUTSAL TUVO UN BALANCE POSITIVO"},"content":{"rendered":"<h4><strong>Alvear brill\u00f3 nuevamente con el deporte, fue un \u00e9xito la cl\u00ednica de futsal que llego al departamento, hubo varias instituciones y personas que apoyaron, como la Liga Alvearense de F\u00fatbol, la presidenta del HCD, concejales, y la direcci\u00f3n de deportes<\/strong><\/h4>\n<p><a href=\"https:\/\/vinasfm.com\/noticias\/wp-content\/uploads\/2023\/08\/WhatsApp-Image-2023-07-31-at-08.38.31.jpeg\"><img loading=\"lazy\" decoding=\"async\" class=\"wp-image-125078 aligncenter\" src=\"https:\/\/vinasfm.com\/noticias\/wp-content\/uploads\/2023\/08\/WhatsApp-Image-2023-07-31-at-08.38.31.jpeg\" alt=\"\" width=\"518\" height=\"298\" srcset=\"https:\/\/vinasfm.com\/noticias\/wp-content\/uploads\/2023\/08\/WhatsApp-Image-2023-07-31-at-08.38.31.jpeg 1024w, https:\/\/vinasfm.com\/noticias\/wp-content\/uploads\/2023\/08\/WhatsApp-Image-2023-07-31-at-08.38.31-300x173.jpeg 300w, https:\/\/vinasfm.com\/noticias\/wp-content\/uploads\/2023\/08\/WhatsApp-Image-2023-07-31-at-08.38.31-768x443.jpeg 768w\" sizes=\"auto, (max-width: 518px) 100vw, 518px\" \/><\/a><\/p>\n<p>El evento se realiz\u00f3 en el polideportivo de nuestro departamento y contamos con transporte para los equipos de f\u00fatbol. Los participantes est\u00e1n muy satisfechos y recibir\u00e1n el material y certificado por correo. Es posible que haya otro episodio en el futuro. Adem\u00e1s, se generaron contactos importantes con referentes de clubes y nos ofrecieron llevar la final a nuestro departamento, ya que les gust\u00f3 mucho nuestro polideportivo.<\/p>\n<p><a href=\"https:\/\/vinasfm.com\/noticias\/wp-content\/uploads\/2023\/08\/WhatsApp-Image-2023-07-31-at-08.38.32.jpeg\"><img loading=\"lazy\" decoding=\"async\" class=\"wp-image-125077 aligncenter\" src=\"https:\/\/vinasfm.com\/noticias\/wp-content\/uploads\/2023\/08\/WhatsApp-Image-2023-07-31-at-08.38.32.jpeg\" alt=\"\" width=\"519\" height=\"299\" srcset=\"https:\/\/vinasfm.com\/noticias\/wp-content\/uploads\/2023\/08\/WhatsApp-Image-2023-07-31-at-08.38.32.jpeg 1024w, https:\/\/vinasfm.com\/noticias\/wp-content\/uploads\/2023\/08\/WhatsApp-Image-2023-07-31-at-08.38.32-300x173.jpeg 300w, https:\/\/vinasfm.com\/noticias\/wp-content\/uploads\/2023\/08\/WhatsApp-Image-2023-07-31-at-08.38.32-768x442.jpeg 768w\" sizes=\"auto, (max-width: 519px) 100vw, 519px\" \/><\/a><\/p>\n<p>La concejal del PJ. Hebe Katzer quien fue una de las principales impulsadoras del proyecto realiz\u00f3 un balance de dicha actividad:<em><strong> &#8216;muy contenta porque sali\u00f3 todo muy bien en tiempo y forma. Pudimos realizar esta cl\u00ednica de futsal y con las dem\u00e1s instituciones que acompa\u00f1aron, hemos tenido buenas respuestas de los profes y t\u00e9cnicos que han asistido&#8217;<\/strong><\/em><\/p>\n<p><em><strong>&#8216;Es muy posible que hagamos nuevamente esta actividad, la verdad que quedaron muchas ganas, tambi\u00e9n hubieron muchos referentes de los clubes de nuestro departamento, que eso estuvo bueno, porque tambi\u00e9n una de las cosas importantes es los contactos que uno genera&#8217;<\/strong><\/em><\/p>\n","protected":false},"excerpt":{"rendered":"<p>Alvear brill\u00f3 nuevamente con el deporte, fue un \u00e9xito la cl\u00ednica de futsal que llego al departamento, hubo varias instituciones y &#8230;<\/p>\n","protected":false},"author":7,"featured_media":125080,"comment_status":"open","ping_status":"open","sticky":false,"template":"","format":"standard","meta":{"footnotes":""},"categories":[5,3],"tags":[],"class_list":["post-125063","post","type-post","status-publish","format-standard","has-post-thumbnail","hentry","category-actualidad","category-deportes"],"_links":{"self":[{"href":"https:\/\/vinasfm.com\/noticias\/wp-json\/wp\/v2\/posts\/125063","targetHints":{"allow":["GET"]}}],"collection":[{"href":"https:\/\/vinasfm.com\/noticias\/wp-json\/wp\/v2\/posts"}],"about":[{"href":"https:\/\/vinasfm.com\/noticias\/wp-json\/wp\/v2\/types\/post"}],"author":[{"embeddable":true,"href":"https:\/\/vinasfm.com\/noticias\/wp-json\/wp\/v2\/users\/7"}],"replies":[{"embeddable":true,"href":"https:\/\/vinasfm.com\/noticias\/wp-json\/wp\/v2\/comments?post=125063"}],"version-history":[{"count":1,"href":"https:\/\/vinasfm.com\/noticias\/wp-json\/wp\/v2\/posts\/125063\/revisions"}],"predecessor-version":[{"id":125086,"href":"https:\/\/vinasfm.com\/noticias\/wp-json\/wp\/v2\/posts\/125063\/revisions\/125086"}],"wp:featuredmedia":[{"embeddable":true,"href":"https:\/\/vinasfm.com\/noticias\/wp-json\/wp\/v2\/media\/125080"}],"wp:attachment":[{"href":"https:\/\/vinasfm.com\/noticias\/wp-json\/wp\/v2\/media?parent=125063"}],"wp:term":[{"taxonomy":"category","embeddable":true,"href":"https:\/\/vinasfm.com\/noticias\/wp-json\/wp\/v2\/categories?post=125063"},{"taxonomy":"post_tag","embeddable":true,"href":"https:\/\/vinasfm.com\/noticias\/wp-json\/wp\/v2\/tags?post=125063"}],"curies":[{"name":"wp","href":"https:\/\/api.w.org\/{rel}","templated":true}]}}