{"id":125046,"date":"2023-07-31T11:55:47","date_gmt":"2023-07-31T14:55:47","guid":{"rendered":"https:\/\/vinasfm.com\/noticias\/?p=125046"},"modified":"2023-08-01T10:56:55","modified_gmt":"2023-08-01T13:56:55","slug":"expo-rural-2023-gran-participacion-de-mendoza-en-la-feria-agroindustrial-mas-trascendente-del-pais","status":"publish","type":"post","link":"https:\/\/vinasfm.com\/noticias\/expo-rural-2023-gran-participacion-de-mendoza-en-la-feria-agroindustrial-mas-trascendente-del-pais\/","title":{"rendered":"EXPO RURAL 2023: GRAN PARTICIPACI\u00d3N DE MENDOZA EN LA FERIA AGROINDUSTRIAL M\u00c1S TRASCENDENTE DEL PA\u00cdS"},"content":{"rendered":"<p><strong>Pymes y productores mendocinos participaron de la nueva edici\u00f3n promocionando y vendiendo vinos, aceites, jam\u00f3n crudo, cosm\u00e9tica, cueros, alfajores, dulces y chocolates, entre otros. Con un stand de 126 m\u00b2, nuestra provincia capt\u00f3 la atenci\u00f3n de miles de asistentes.<\/strong><\/p>\n<p>El Ministerio de Econom\u00eda y Energ\u00eda, a trav\u00e9s de la Subsecretar\u00eda de Industria y Comercio, particip\u00f3, una vez m\u00e1s, de la Expo Rural 2023. PyMEs de nuestra provincia promocionaron y vendieron sus productos en la expo de negocios m\u00e1s trascendente de la comunidad agroindustrial del pa\u00eds.<\/p>\n<p>De este modo, la provincia, en el marco del programa Ra\u00edces Mendoza, logr\u00f3 posicionar a productores oriundos de distintas partes de la provincia captando la atenci\u00f3n de miles de asistentes en una de las exposiciones m\u00e1s relevantes del pa\u00eds y Latinoam\u00e9rica.<\/p>\n<p>Mendoza cont\u00f3 con un gran espacio de promoci\u00f3n y venta de productos mendocinos. En total, fueron 126 m\u00b2 cubiertos, donde los visitantes pudieron adquirir excelentes vinos, aceites de oliva, jam\u00f3n crudo, productos de cosm\u00e9tica, cueros, alfajores, dulces y chocolates, entre otros productos de excelente calidad y precio.<\/p>\n<p><img loading=\"lazy\" decoding=\"async\" class=\"aligncenter\" src=\"https:\/\/www.mendoza.gov.ar\/wp-content\/uploads\/sites\/5\/2023\/07\/8490f73d-8dd7-4d9d-9157-b22df7d240bb-700x445.jpg\" width=\"500\" height=\"318\" \/><\/p>\n<p>Alejandro Zlotolow, subsecretario de Industria y Comercio de la provincia, acompa\u00f1\u00f3 a los expositores. Durante el evento, el funcionario remarc\u00f3 que el participar de este tipo de iniciativas <em><strong>\u201cpermite a nuestras pymes mostrar el excelente nivel de sus productos. Adem\u00e1s, les abre la posibilidad de generar nuevos contactos comerciales para llegar con sus productos a nuevos mercados a nivel nacional\u201d.<\/strong><\/em><\/p>\n<p>En este sentido, Zlotolow hizo hincapi\u00e9 en el programa Ra\u00edces Mendoza: <strong><em>\u201cFormar parte de nuestro cat\u00e1logo de productores, no solo brinda la posibilidad de llegar con productos t\u00edpicos de nuestra provincia a espacios de promoci\u00f3n y venta, como lo pueden ser, en este caso, la Expo Rural o a Caminos y Sabores, adem\u00e1s, pueden acceder a las g\u00f3ndolas de las grandes superficies comerciales de nuestra provincia que, por ley, deben cumplir con un cierto porcentaje de productos regionales a disposici\u00f3n de sus clientes en las g\u00f3ndolas\u201d.<\/em><\/strong><\/p>\n<p>Alfajores Dulce Latido fue otra de las PyMEs participantes. Sus propietarios comentaron:<strong><em> \u201cEsto fue el impulso q nos llev\u00f3 a tomar la decisi\u00f3n final de arrancar con las ventas. Fue una experiencia incre\u00edble. Esto nos ayud\u00f3 a conocer a un mont\u00f3n de gente linda. Vendimos mucho y la gente se iba re conforme con el producto y volv\u00eda a comprar m\u00e1s. Estamos super agradecidos\u201d<\/em><\/strong><\/p>\n<p>Al cierre, desde Bendito Pecado Wines, se\u00f1alaron: <strong><em>\u201cRealmente estamos muy contentos por los resultados obtenidos. Logramos vender todo lo que llevamos y para nosotros fue una excelente oportunidad no solo para mostrar la excelente calidad de nuestros productos a quienes visitaron el predio, sino que, adem\u00e1s, logramos generar nuevos v\u00ednculos comerciales para llegar a m\u00e1s destinos del pa\u00eds\u201d.<\/em><\/strong><\/p>\n<p>Mujeres de la Vi\u00f1a, una organizaci\u00f3n impulsada para la promoci\u00f3n de vinos locales, agradecieron la posibilidad de participar de esta nueva instancia de promoci\u00f3n y venta:<strong><em> \u201cHaber sido parte de esta propuesta nos permiti\u00f3 llegar con nuestros vinos no solo a quienes visitan el predio, sino que, adem\u00e1s, nos permiti\u00f3 llegar a distintos puntos del pa\u00eds y del mundo\u201d.<\/em><\/strong><\/p>\n<p>Es que este tipo de eventos captan no solo la atenci\u00f3n del consumidor final, sino que adem\u00e1s se hacen presentes referentes intermediarios que est\u00e1n en busca de nuevos productos para ampliar su oferta.<\/p>\n<p>&nbsp;<\/p>\n<p><strong><em>\u201cFue una gratitud enorme para productores peque\u00f1os, como en el caso de nosotras. Este grupo de mujeres productoras vit\u00edcolas encuentra en estos espacios una verdadera posibilidad de desarrollo y crecimiento\u201d<\/em><\/strong>, cerraron desde Mujeres de Vi\u00f1a.<\/p>\n<p>Desde Bodega Guerrero, remarcaron que participando del evento se logr\u00f3 cumplir con todas las expectativas: <strong><em>\u201cNos desbord\u00f3 el p\u00fablico. Realmente estamos muy contentos y agradecidos por el apoyo y el acompa\u00f1amiento de la provincia que nos permiti\u00f3 participar de esta iniciativa\u201d.<\/em><\/strong><\/p>\n<p>Los integrantes de Bianco &amp; Nero manifestaron <em><strong>\u201cestamos muy contentos y agradecidos de participar de esta feria. Participamos con alfajores, chocolates, pasas de uva y almendras ba\u00f1adas en chocolate y tabletas artesanales. Todos fueron productos muy bien aceptados por el p\u00fablico que visit\u00f3 el predio. Muchas gracias a la Provincia y al Ministerio por la invitaci\u00f3n\u201d.<\/strong><\/em><\/p>\n<p>&nbsp;<\/p>\n<p><img loading=\"lazy\" decoding=\"async\" class=\"\" src=\"https:\/\/www.mendoza.gov.ar\/wp-content\/uploads\/sites\/5\/2023\/07\/61138a3a-1fdb-4ad8-b3f2-eedb8780b7bc-1-700x1245.jpg\" width=\"300\" height=\"534\" \/> <img loading=\"lazy\" decoding=\"async\" class=\"\" src=\"https:\/\/www.mendoza.gov.ar\/wp-content\/uploads\/sites\/5\/2023\/07\/1b8ea208-f213-459f-806e-bbece8471962-1-700x1244.jpg\" width=\"300\" height=\"533\" \/><\/p>\n<h2>Mendoza, muy bien representada<\/h2>\n<ul>\n<li>T\u00eda clara | dulces<\/li>\n<li>Flor Mia | aceites, pistachos<\/li>\n<li>Dulce Latido | alfajores<\/li>\n<li>Primal | vinos<\/li>\n<li>Culto Olibec | cremas<\/li>\n<li>Secretos del Monte | jamones ahumados<\/li>\n<li>Jagger | Cervezas artesanal<\/li>\n<li>Bendito Pecado Wines | vinos<\/li>\n<li>Cooperativa La Terre | Productos disecados<\/li>\n<li>Alma | dise\u00f1os en cuero<\/li>\n<li>Finca Andina |frutos secos<\/li>\n<li>Ave Mar\u00eda |vinos<\/li>\n<li>Bouquet Garni | aceites, especies<\/li>\n<li>Bianco&amp;Nero |chocolates<\/li>\n<li>Revoluci\u00f3n de Sentimientos |vinos<\/li>\n<li>UVAS |cremas<\/li>\n<li>Mujeres de Vi\u00f1a | vinos<\/li>\n<li>La feria<\/li>\n<\/ul>\n<p>La exposici\u00f3n se llev\u00f3 a cabo del 20 al 30 de julio y cont\u00f3 con la participaci\u00f3n de m\u00e1s de 400 stand. Hubo actividades diagramadas para los m\u00e1s peque\u00f1os quienes pudieron conocer e interactuar con los animales del campo, pudieron aprender todo sobre huerta, compostaje y biodiversidad en los talleres para ni\u00f1os que brind\u00f3 La Huerta de La Rural todos los d\u00edas.<\/p>\n<p>Tambi\u00e9n se pudo disfrutar del pabell\u00f3n de maquinaria agr\u00edcola y el espacio de test drive de las camionetas 4\u00d74.<\/p>\n<p>Con el correr de los a\u00f1os, este evento se ha convertido en el \u00e1mbito de negocios m\u00e1s trascendente de la comunidad agroindustrial. Es el punto de encuentro de productores, contratistas, empresarios, profesionales, estudiantes y t\u00e9cnicos de la Argentina y el mundo.<\/p>\n","protected":false},"excerpt":{"rendered":"<p>Pymes y productores mendocinos participaron de la nueva edici\u00f3n promocionando y vendiendo vinos, aceites, jam\u00f3n crudo, cosm\u00e9tica, cueros, alfajores, dulces y &#8230;<\/p>\n","protected":false},"author":7,"featured_media":125114,"comment_status":"open","ping_status":"open","sticky":false,"template":"","format":"standard","meta":{"footnotes":""},"categories":[5,69],"tags":[],"class_list":["post-125046","post","type-post","status-publish","format-standard","has-post-thumbnail","hentry","category-actualidad","category-comercio"],"_links":{"self":[{"href":"https:\/\/vinasfm.com\/noticias\/wp-json\/wp\/v2\/posts\/125046","targetHints":{"allow":["GET"]}}],"collection":[{"href":"https:\/\/vinasfm.com\/noticias\/wp-json\/wp\/v2\/posts"}],"about":[{"href":"https:\/\/vinasfm.com\/noticias\/wp-json\/wp\/v2\/types\/post"}],"author":[{"embeddable":true,"href":"https:\/\/vinasfm.com\/noticias\/wp-json\/wp\/v2\/users\/7"}],"replies":[{"embeddable":true,"href":"https:\/\/vinasfm.com\/noticias\/wp-json\/wp\/v2\/comments?post=125046"}],"version-history":[{"count":1,"href":"https:\/\/vinasfm.com\/noticias\/wp-json\/wp\/v2\/posts\/125046\/revisions"}],"predecessor-version":[{"id":125048,"href":"https:\/\/vinasfm.com\/noticias\/wp-json\/wp\/v2\/posts\/125046\/revisions\/125048"}],"wp:featuredmedia":[{"embeddable":true,"href":"https:\/\/vinasfm.com\/noticias\/wp-json\/wp\/v2\/media\/125114"}],"wp:attachment":[{"href":"https:\/\/vinasfm.com\/noticias\/wp-json\/wp\/v2\/media?parent=125046"}],"wp:term":[{"taxonomy":"category","embeddable":true,"href":"https:\/\/vinasfm.com\/noticias\/wp-json\/wp\/v2\/categories?post=125046"},{"taxonomy":"post_tag","embeddable":true,"href":"https:\/\/vinasfm.com\/noticias\/wp-json\/wp\/v2\/tags?post=125046"}],"curies":[{"name":"wp","href":"https:\/\/api.w.org\/{rel}","templated":true}]}}