{"id":125019,"date":"2023-07-31T09:55:03","date_gmt":"2023-07-31T12:55:03","guid":{"rendered":"https:\/\/vinasfm.com\/noticias\/?p=125019"},"modified":"2023-08-01T08:36:34","modified_gmt":"2023-08-01T11:36:34","slug":"las-razones-del-banco-nacion-para-frenar-a-fecovita-un-credito-por-4-500-millones","status":"publish","type":"post","link":"https:\/\/vinasfm.com\/noticias\/las-razones-del-banco-nacion-para-frenar-a-fecovita-un-credito-por-4-500-millones\/","title":{"rendered":"LAS RAZONES DEL BANCO NACI\u00d3N PARA FRENAR A FECOVITA UN CR\u00c9DITO POR $4.500 MILLONES"},"content":{"rendered":"<h4>Fecovita es la mayor productora de vino en volumen de la Argentina. En esa federaci\u00f3n vitivin\u00edcola entienden que los pedidos de quiebra de la espa\u00f1ola Iberte son una extorsi\u00f3n<\/h4>\n<p>La\u00a0<strong><a href=\"https:\/\/www.diariouno.com.ar\/politica\/un-fondo-inversor-espanol-denuncio-la-cooperativa-fecovita-estafa-y-pidio-la-quiebra-n1180872\" target=\"_self\" rel=\"follow noopener\">situaci\u00f3n crediticia de la Federaci\u00f3n de Cooperativas Vitivin\u00edcolas Argentinas -Fecovita<\/a>&#8211; en el Banco Naci\u00f3n pende de un hilo.<\/strong>\u00a0Es que el banco, que es su principal agente financiero, entiende que\u00a0<strong>corre riesgos si le habilita el cr\u00e9dito de $4.500 millones que ten\u00eda<\/strong>\u00a0y esa demora\u00a0<strong>podr\u00eda poner en aprietos financieros a esa federaci\u00f3n<\/strong>\u00a0que es el coraz\u00f3n de la producci\u00f3n de vino y mosto del pa\u00eds.<\/p>\n<p>S\u00f3lo por dar algunos n\u00fameros: esa federaci\u00f3n es la mayor productora de vino en volumen de la Argentina, nuclea a 29 cooperativas, le compra uva a unos 5.000 productores, sostiene a unos 15.000 empleados indirectos y factura anualmente cerca de 270 millones de d\u00f3lares. Fecovita, cuyo presidente es Rub\u00e9n Panella, es due\u00f1a de reconocidas marcas de vino como Toro, Toro Viejo, Estancia Mendoza, Canciller, Dilema, Los Helechos y Finca Magnolia.<\/p>\n<p>Por tanto, si Fecovita perdiera capacidad crediticia y con ella su capacidad de pago, no s\u00f3lo podr\u00eda generar un\u00a0<strong>sismo econ\u00f3mico para la industria vitivin\u00edcola mendocina y del pa\u00eds<\/strong>. Tambi\u00e9n, en paralelo, tendr\u00eda una\u00a0<strong>fuerte impacto en la ca\u00edda del empleo de esas decenas de miles de trabajadores\u00a0<\/strong>que de una u otra forma son proveedores de las tareas aleda\u00f1as a la vitivinicultura.<\/p>\n<p>Sucede que luego de que esa federaci\u00f3n rompi\u00f3 la sociedad que firm\u00f3 en el 2021 con la empresa espa\u00f1ola Iberte para exportar vinos y mosto, que se llam\u00f3 Exportadora Vitivin\u00edcola S.A. (Evisa),\u00a0<strong>los europeos le presentaron dos pedidos de quiebra por una deuda de varios millones de d\u00f3lares por producci\u00f3n que Fecovita no habr\u00eda enviado y tambi\u00e9n una denuncia penal por estafa gen\u00e9rica.<\/strong><\/p>\n<p>Por su lado<strong>\u00a0Fecovita tambi\u00e9n denunci\u00f3 civil y comercialmente a la firma espa\u00f1ola,<\/strong>\u00a0en reclamo por presuntamente no pagar los env\u00edos de vino y mosto como hab\u00edan acordado. Y en paralelo\u00a0<strong>iniciar\u00eda una demanda penal por la difamaci\u00f3n<\/strong>\u00a0y las p\u00e9rdidas econ\u00f3micas que le provocaron las acusaciones de los espa\u00f1oles. Algo que hacia adentro de la federaci\u00f3n definen como una \u00abextorsi\u00f3n\u00bb.<\/p>\n<p>La gravedad de la situaci\u00f3n est\u00e1 en que aquellos\u00a0<strong>pedidos de quiebra y la denuncia penal impactaron de lleno en la evaluaci\u00f3n financiera que el Banco Naci\u00f3n hace para habilitarle el cr\u00e9dito de $4.500 millones<\/strong>\u00a0que le hab\u00eda otorgado el a\u00f1o pasado. Esa habilitaci\u00f3n\u00a0<strong>se venci\u00f3 el 30 de junio,\u00a0<\/strong>y pese a que<strong>\u00a0la federaci\u00f3n ya present\u00f3 su balance y demostr\u00f3 que no est\u00e1 en cesaci\u00f3n de pagos, el banco no le otorg\u00f3 la pr\u00f3rroga de ese cr\u00e9dito<\/strong>.<\/p>\n<p>Sin esos cr\u00e9ditos la federaci\u00f3n<strong>\u00a0no puede rollear su deuda<\/strong>\u00a0y en el corto plazo podr\u00eda afectar el normal funcionamiento y poner en serios aprietos econ\u00f3micos a Fecovita.<\/p>\n<p>El principal argumento del banco es que la l\u00ednea de gerentes que habilita esos cr\u00e9ditos eval\u00faa que\u00a0<strong>hay cierto riesgo en otorgarlo, y por ello podr\u00eda esperar a que la Justicia se expida sobre los pedidos de quiebra, antes de aprobarlos.<\/strong><\/p>\n<h2>El fantasma de Vicent\u00edn y la cautela del Banco Naci\u00f3n<\/h2>\n<p>Los dos pedidos de quiebra en juzgados comerciales y la denuncia de estafa gen\u00e9rica que pesan sobre Fecovita y cuyos detalles llegaron al Banco Naci\u00f3n, de inmediato\u00a0<strong>trajeron a la memoria de algunos gerentes la situaci\u00f3n de la agroexportadora santafesina Vicent\u00edn,<\/strong>\u00a0una de las m\u00e1s grandes del pa\u00eds que entr\u00f3 en default en el 2019 y pidi\u00f3 la convocatoria de acreedores al a\u00f1o siguiente.<\/p>\n<p>Pasa que\u00a0<strong>uno de los principales acreedores de Vicent\u00edn era justamente el Banco Naci\u00f3n<\/strong>, a quien\u00a0<strong>le deb\u00eda en su momento m\u00e1s de $18.300 millones.<\/strong><\/p>\n<p>\u00abCon ese fantasma latente, el equipo de gerentes, entre ellos\u00a0<strong>los gerentes de riesgo, no pueden hacer la vista gorda sobre los pedidos de quiebra y la denuncia penal.<\/strong>\u00a0En el 2019, en el banco se desconoc\u00eda la situaci\u00f3n de Vicent\u00edn y pas\u00f3 lo que pas\u00f3. Por eso hay cierta susceptibilidad. Por eso, hay quienes\u00a0<strong>se inclinan por esperar a ver qu\u00e9 determina la Justicia antes de renovarle esos cr\u00e9ditos<\/strong>\u00ab, se escudan algunas autoridades del Banco Naci\u00f3n.<\/p>\n<p>Para interceder en favor de los productores vitivin\u00edcolas, el gobernador Rodolfo Suarez, a pedido de Fecovita, se comunic\u00f3 con la titular del Banco Naci\u00f3n, la ex ministra de Econom\u00eda Silvina Batakis. La respuesta de la funcionaria habr\u00eda sido que la decisi\u00f3n de no renovar esos cr\u00e9ditos no es pol\u00edtica, sino meramente t\u00e9cnica y gerencial.<\/p>\n<p>Al parecer, ante ese cruce de denuncias en la Justicia, la postura del Estado nacional y tambi\u00e9n del provincial, es que es \u00abun problema entre privados que deben resolver entre ellos\u00bb, o en todo caso con intervenci\u00f3n de la Justicia. Hasta tanto eso no suceda, no parece que la pol\u00edtica est\u00e9 interesada en intervenir.<\/p>\n<h2>\u00abNos piden la quiebra por un monto que facturamos en 3 d\u00edas\u00bb<\/h2>\n<p>Hacia adentro de Fecovita, la situaci\u00f3n es urticante. No s\u00f3lo arde por\u00a0<strong>las denuncias de sus ex socios espa\u00f1oles, que ellos califican de insolventes y con olor a extorsi\u00f3n,<\/strong>\u00a0sino que entienden que\u00a0<strong>la repercusi\u00f3n de esas denuncias en el Banco Naci\u00f3n es descabellada y deslizan alguna intromisi\u00f3n de la pol\u00edtica<\/strong>\u00a0en esa reacci\u00f3n.<\/p>\n<p>\u00abSe acord\u00f3 asociarse con esa firma espa\u00f1ola, porque supuestamente ellos ten\u00edan vinculaci\u00f3n con Europa del Este y Rusia, en donde nosotros no ten\u00edamos clientes. Ellos eran co-garantes de la cobranza de la producci\u00f3n que nosotros envi\u00e1bamos y por tanto si esas facturas se dejaban de pagar ellos eran coresponsables de esa deuda. Lo que pas\u00f3 es que cuando las facturas se empezaron a vencer y los pagos no llegaban, Fecovita dej\u00f3 de enviar la producci\u00f3n\u00bb, cont\u00f3 Marcelo Federici, secretario de la comisi\u00f3n directiva de Fecovita, para describir el desacuerdo que dispar\u00f3 la contienda que termin\u00f3 en la Justicia.<\/p>\n<p>Con esos reclamos cruzados de deudas de millones de d\u00f3lares,\u00a0<strong>la sociedad que se llam\u00f3 Evisa se disolvi\u00f3 de mutuo acuerdo en el 2022<\/strong>\u00a0y ah\u00ed comenz\u00f3 lo que Fecovita define como una \u00aboperaci\u00f3n de descr\u00e9dito en distintos organismos\u00bb que iniciaron sus ex socios espa\u00f1oles.<\/p>\n<p>Los ib\u00e9ricos se encargaron de hacer correr la supuesta deuda que le reclamaban a Fecovita por los distintos bancos y adosaron los pedidos de quiebras, que tambi\u00e9n llegaron a o\u00eddos de los gerentes del Naci\u00f3n.<\/p>\n<p>\u00abLo que tiene que quedar claro es que\u00a0<strong>esa situaci\u00f3n de quiebra que ellos quieren hacer creer que tiene Fecovita no existe.<\/strong>\u00a0Nosotros\u00a0<strong>presentamos el balance aprobado\u00a0<\/strong>por las cooperativas que integran la federaci\u00f3n y que dio positivo\u00a0<strong>No estamos en cesaci\u00f3n de pagos\u00a0<\/strong>y el Banco Central califica a Fecovita Situaci\u00f3n 1, destacando la<strong>\u00a0inexistencia de cheques rechazados<\/strong>. Esto es una operaci\u00f3n, tanto es as\u00ed que\u00a0<strong>el monto por el que nos piden la quiebra es lo que Fecovita factura en 3 d\u00edas<\/strong>\u00ab, refut\u00f3 Federici.<\/p>\n<p>Para la federaci\u00f3n que preside Rub\u00e9n Panella, ese retraso del Banco Naci\u00f3n para prorrogarle su cr\u00e9dito es insostenible. Ellos se amparan en que\u00a0<strong>judicialmente no existe un estado de prequiebra<\/strong>\u00a0y entonces no deber\u00edan recibir ninguna sanci\u00f3n crediticia por una situaci\u00f3n que a\u00fan no define la Justicia.<\/p>\n<p>Por otro lado, creen que es imposible que el banco se decida a esperar las definiciones judiciales \u00abporque\u00a0<strong>los tiempos de la Justicia pueden dilatarse y la Federaci\u00f3n no puede esperar todo ese tiempo para obtener esos cr\u00e9ditos\u00a0<\/strong>que de fondo nos est\u00e1n trabando capital de trabajo\u00bb, se quejan.<\/p>\n<p>Argumentan que tambi\u00e9n pueden probar que mantienen una situaci\u00f3n regular de las deudas impositivas nacionales, provinciales, y previsionales. \u00abEsta informaci\u00f3n se puede corroborar tanto en el sitio web de AFIP, como en la consultora Nosis\u00bb, retrucan.<\/p>\n<h2>El acuerdo con los socios espa\u00f1oles<\/h2>\n<p>Cuando en el gobierno provincial y nacional se desligan de auxiliar a Fecovita, en una situaci\u00f3n judicial que entienden que debe resolver entre esa federaci\u00f3n y sus ex socios de Iberte, lo primero que dicen es que \u00abal espa\u00f1ol no lo trajimos nosotros, ni fuimos parte de ese acuerdo que ellos firmaron\u00bb.<\/p>\n<p>El interrogante que se abre entonces es qui\u00e9n forj\u00f3 esa sociedad. A rega\u00f1adientes en esa federaci\u00f3n vitivin\u00edcola recuerdan que la sociedad con el due\u00f1o de Iberte, Juan Jos\u00e9 Retamero,\u00a0<strong>se firm\u00f3 en el 2021 cuando el presidente era Eduardo Sancho.<\/strong><\/p>\n<p>Es m\u00e1s, algunos aseguran que habr\u00eda sido la firma de ese acuerdo, que s\u00f3lo les trajo dolores de cabeza, lo que termin\u00f3 por sellar la salida de Sancho de esa entidad que comand\u00f3 durante a\u00f1os.<\/p>\n","protected":false},"excerpt":{"rendered":"<p>Fecovita es la mayor productora de vino en volumen de la Argentina. En esa federaci\u00f3n vitivin\u00edcola entienden que los pedidos de &#8230;<\/p>\n","protected":false},"author":7,"featured_media":119714,"comment_status":"open","ping_status":"open","sticky":false,"template":"","format":"standard","meta":{"footnotes":""},"categories":[5,10],"tags":[],"class_list":["post-125019","post","type-post","status-publish","format-standard","has-post-thumbnail","hentry","category-actualidad","category-destacadas"],"_links":{"self":[{"href":"https:\/\/vinasfm.com\/noticias\/wp-json\/wp\/v2\/posts\/125019","targetHints":{"allow":["GET"]}}],"collection":[{"href":"https:\/\/vinasfm.com\/noticias\/wp-json\/wp\/v2\/posts"}],"about":[{"href":"https:\/\/vinasfm.com\/noticias\/wp-json\/wp\/v2\/types\/post"}],"author":[{"embeddable":true,"href":"https:\/\/vinasfm.com\/noticias\/wp-json\/wp\/v2\/users\/7"}],"replies":[{"embeddable":true,"href":"https:\/\/vinasfm.com\/noticias\/wp-json\/wp\/v2\/comments?post=125019"}],"version-history":[{"count":1,"href":"https:\/\/vinasfm.com\/noticias\/wp-json\/wp\/v2\/posts\/125019\/revisions"}],"predecessor-version":[{"id":125022,"href":"https:\/\/vinasfm.com\/noticias\/wp-json\/wp\/v2\/posts\/125019\/revisions\/125022"}],"wp:featuredmedia":[{"embeddable":true,"href":"https:\/\/vinasfm.com\/noticias\/wp-json\/wp\/v2\/media\/119714"}],"wp:attachment":[{"href":"https:\/\/vinasfm.com\/noticias\/wp-json\/wp\/v2\/media?parent=125019"}],"wp:term":[{"taxonomy":"category","embeddable":true,"href":"https:\/\/vinasfm.com\/noticias\/wp-json\/wp\/v2\/categories?post=125019"},{"taxonomy":"post_tag","embeddable":true,"href":"https:\/\/vinasfm.com\/noticias\/wp-json\/wp\/v2\/tags?post=125019"}],"curies":[{"name":"wp","href":"https:\/\/api.w.org\/{rel}","templated":true}]}}