{"id":124989,"date":"2023-07-29T20:28:01","date_gmt":"2023-07-29T23:28:01","guid":{"rendered":"https:\/\/vinasfm.com\/noticias\/?p=124989"},"modified":"2023-07-31T09:56:33","modified_gmt":"2023-07-31T12:56:33","slug":"el-sute-aprobo-la-oferta-del-gobierno-la-escala-de-aumentos-que-se-vienen","status":"publish","type":"post","link":"https:\/\/vinasfm.com\/noticias\/el-sute-aprobo-la-oferta-del-gobierno-la-escala-de-aumentos-que-se-vienen\/","title":{"rendered":"EL SUTE APROB\u00d3 LA OFERTA DEL GOBIERNO: LA ESCALA DE AUMENTOS QUE SE VIENEN"},"content":{"rendered":"<p><strong>La decisi\u00f3n se lleg\u00f3 en un plenario realizado en La Paz.<\/strong><\/p>\n<p>El Sindicato Unido de Trabajadores de la Educaci\u00f3n (SUTE) aprob\u00f3 en plenario general la oferta del Gobierno. La decisi\u00f3n se tom\u00f3 la siesta de este s\u00e1bado en una reuni\u00f3n realizada en La Paz.<\/p>\n<p>La propuesta del Ejecutivo provincial establece una escala de aumentos mes a mes desde junio a octubre:<\/p>\n<ul>\n<li>Junio: 10,5 %<\/li>\n<li>Julio: 8 %<\/li>\n<li>Agosto: 14 %<\/li>\n<li>Septiembre: 8 %<\/li>\n<li>Octubre: 8 %<\/li>\n<\/ul>\n<p>A su vez, tiene en cuenta la carrera docente, las responsabilidades del cargo y el trabajo integral que se realiza en las escuelas.<\/p>\n<p>En este caso, se reestructur\u00f3 el sistema de garant\u00eda propuesto por el Gobierno Nacional devolviendo la pir\u00e1mide a la escala salarial.<\/p>\n<p>Tambi\u00e9n el Gobierno provincial estableci\u00f3 en su oferta un reconocimiento a los cargos jer\u00e1rquicos y aquellos docentes de mayor trayectoria en el sistema educativo.<\/p>\n<p>Los celadores, por su parte, percibir\u00e1n beneficios salariales inherentes a su tarea.<\/p>\n<p>El Gobierno hab\u00eda remarc\u00f3 que el ofrecimiento implica una variaci\u00f3n, para el per\u00edodo enero-octubre 2023, superior a 90%.<\/p>\n","protected":false},"excerpt":{"rendered":"<p>La decisi\u00f3n se lleg\u00f3 en un plenario realizado en La Paz. El Sindicato Unido de Trabajadores de la Educaci\u00f3n (SUTE) aprob\u00f3 &#8230;<\/p>\n","protected":false},"author":7,"featured_media":124990,"comment_status":"open","ping_status":"open","sticky":false,"template":"","format":"standard","meta":{"footnotes":""},"categories":[5,172],"tags":[],"class_list":["post-124989","post","type-post","status-publish","format-standard","has-post-thumbnail","hentry","category-actualidad","category-paritarias"],"_links":{"self":[{"href":"https:\/\/vinasfm.com\/noticias\/wp-json\/wp\/v2\/posts\/124989","targetHints":{"allow":["GET"]}}],"collection":[{"href":"https:\/\/vinasfm.com\/noticias\/wp-json\/wp\/v2\/posts"}],"about":[{"href":"https:\/\/vinasfm.com\/noticias\/wp-json\/wp\/v2\/types\/post"}],"author":[{"embeddable":true,"href":"https:\/\/vinasfm.com\/noticias\/wp-json\/wp\/v2\/users\/7"}],"replies":[{"embeddable":true,"href":"https:\/\/vinasfm.com\/noticias\/wp-json\/wp\/v2\/comments?post=124989"}],"version-history":[{"count":1,"href":"https:\/\/vinasfm.com\/noticias\/wp-json\/wp\/v2\/posts\/124989\/revisions"}],"predecessor-version":[{"id":124991,"href":"https:\/\/vinasfm.com\/noticias\/wp-json\/wp\/v2\/posts\/124989\/revisions\/124991"}],"wp:featuredmedia":[{"embeddable":true,"href":"https:\/\/vinasfm.com\/noticias\/wp-json\/wp\/v2\/media\/124990"}],"wp:attachment":[{"href":"https:\/\/vinasfm.com\/noticias\/wp-json\/wp\/v2\/media?parent=124989"}],"wp:term":[{"taxonomy":"category","embeddable":true,"href":"https:\/\/vinasfm.com\/noticias\/wp-json\/wp\/v2\/categories?post=124989"},{"taxonomy":"post_tag","embeddable":true,"href":"https:\/\/vinasfm.com\/noticias\/wp-json\/wp\/v2\/tags?post=124989"}],"curies":[{"name":"wp","href":"https:\/\/api.w.org\/{rel}","templated":true}]}}