{"id":124986,"date":"2023-07-29T20:19:42","date_gmt":"2023-07-29T23:19:42","guid":{"rendered":"https:\/\/vinasfm.com\/noticias\/?p=124986"},"modified":"2023-07-31T09:55:02","modified_gmt":"2023-07-31T12:55:02","slug":"encuentro-mendoza-se-suma-a-la-union-mendocina","status":"publish","type":"post","link":"https:\/\/vinasfm.com\/noticias\/encuentro-mendoza-se-suma-a-la-union-mendocina\/","title":{"rendered":"ENCUENTRO MENDOZA SE SUMA A LA UNI\u00d3N MENDOCINA"},"content":{"rendered":"<p><strong>Este s\u00e1bado, la agrupaci\u00f3n pol\u00edtica \u201cEncuentro Mendoza\u201d se sum\u00f3 formalmente a La Uni\u00f3n Mendocina, luego de una reuni\u00f3n mantenida entre el candidato a Gobernador por el frente, Omar de Marchi, y representantes de la mencionada agrupaci\u00f3n de toda la provincia.<\/strong><\/p>\n<p>Cabe destacar que el partido Encuentro particip\u00f3 en las \u00faltimas elecciones del a\u00f1o 2021, bajo la estructura del Partido Federal, sacando casi el 4% de los votos.<\/p>\n<p>El espacio est\u00e1 dirigido por el reconocido dirigente agrario, Carlos Iannizzotto y cuenta con estructura pol\u00edtica en todos los departamentos de la provincia, adem\u00e1s de contar con tres concejales que se sumar\u00e1n al trabajo en equipo de La Uni\u00f3n Mendocina, en los departamentos de Tupungato, General Alvear y Malarg\u00fce.<\/p>\n","protected":false},"excerpt":{"rendered":"<p>Este s\u00e1bado, la agrupaci\u00f3n pol\u00edtica \u201cEncuentro Mendoza\u201d se sum\u00f3 formalmente a La Uni\u00f3n Mendocina, luego de una reuni\u00f3n mantenida entre el &#8230;<\/p>\n","protected":false},"author":7,"featured_media":124987,"comment_status":"open","ping_status":"open","sticky":false,"template":"","format":"standard","meta":{"footnotes":""},"categories":[5,7],"tags":[],"class_list":["post-124986","post","type-post","status-publish","format-standard","has-post-thumbnail","hentry","category-actualidad","category-politica"],"_links":{"self":[{"href":"https:\/\/vinasfm.com\/noticias\/wp-json\/wp\/v2\/posts\/124986","targetHints":{"allow":["GET"]}}],"collection":[{"href":"https:\/\/vinasfm.com\/noticias\/wp-json\/wp\/v2\/posts"}],"about":[{"href":"https:\/\/vinasfm.com\/noticias\/wp-json\/wp\/v2\/types\/post"}],"author":[{"embeddable":true,"href":"https:\/\/vinasfm.com\/noticias\/wp-json\/wp\/v2\/users\/7"}],"replies":[{"embeddable":true,"href":"https:\/\/vinasfm.com\/noticias\/wp-json\/wp\/v2\/comments?post=124986"}],"version-history":[{"count":2,"href":"https:\/\/vinasfm.com\/noticias\/wp-json\/wp\/v2\/posts\/124986\/revisions"}],"predecessor-version":[{"id":125023,"href":"https:\/\/vinasfm.com\/noticias\/wp-json\/wp\/v2\/posts\/124986\/revisions\/125023"}],"wp:featuredmedia":[{"embeddable":true,"href":"https:\/\/vinasfm.com\/noticias\/wp-json\/wp\/v2\/media\/124987"}],"wp:attachment":[{"href":"https:\/\/vinasfm.com\/noticias\/wp-json\/wp\/v2\/media?parent=124986"}],"wp:term":[{"taxonomy":"category","embeddable":true,"href":"https:\/\/vinasfm.com\/noticias\/wp-json\/wp\/v2\/categories?post=124986"},{"taxonomy":"post_tag","embeddable":true,"href":"https:\/\/vinasfm.com\/noticias\/wp-json\/wp\/v2\/tags?post=124986"}],"curies":[{"name":"wp","href":"https:\/\/api.w.org\/{rel}","templated":true}]}}