{"id":124973,"date":"2023-07-29T14:37:11","date_gmt":"2023-07-29T17:37:11","guid":{"rendered":"https:\/\/vinasfm.com\/noticias\/?p=124973"},"modified":"2023-07-31T08:51:34","modified_gmt":"2023-07-31T11:51:34","slug":"el-peronismo-propone-que-las-pensiones-por-discapacidad-sean-compatibles-con-el-trabajo","status":"publish","type":"post","link":"https:\/\/vinasfm.com\/noticias\/el-peronismo-propone-que-las-pensiones-por-discapacidad-sean-compatibles-con-el-trabajo\/","title":{"rendered":"EL PERONISMO PROPONE QUE LAS PENSIONES POR DISCAPACIDAD SEAN COMPATIBLES CON EL TRABAJO"},"content":{"rendered":"<p><strong>M\u00e1s de 46.000 personas podr\u00edan verse beneficiadas. Los precandidatos a diputados nacionales Mart\u00edn Aveiro y Mar\u00eda Amalia Granata adelantaron una de sus iniciativas para presentar en el Congreso Nacional junto al candidato a gobernador Omar Parisi y su compa\u00f1ero de f\u00f3rmula, Lucas Ilardo.<\/strong><\/p>\n<p>La idea central es que las pensiones y beneficios no se descuenten si se accede al mercado laboral formal. Acompa\u00f1\u00f3 adem\u00e1s la directora nacional de Apoyos y Asignaciones Econ\u00f3micas de la ANDIS, Dra. Paula Mart\u00ednez.<\/p>\n<p>Parisi opin\u00f3 sobre el acceso a la vivienda y la inclusi\u00f3n de las personas con discapacidad que, admiti\u00f3<strong><em> \u201cva a ser un tema transversal a todas las \u00e1reas de mi gobierno\u201d<\/em><\/strong>. El lujanino coment\u00f3 que no solo se trata de viviendas adaptadas, y cumplir con el cupo que la ley obliga sino <strong><em>\u201ctambi\u00e9n incluir a las personas con discapacidad a la vida cotidiana de los mendocinos\u201d.<\/em><\/strong><\/p>\n<p>Desde su rol en el ejecutivo provincial afirm\u00f3 que trabajar\u00e1 en el derecho a la recreaci\u00f3n, garantizando la accesibilidad y adecuaci\u00f3n de salas, teatros y cines, como tambi\u00e9n la creaci\u00f3n de centros de deporte adaptado en la provincia.<\/p>\n<p>Aveiro abord\u00f3 el tema reconociendo que es dif\u00edcil <strong><em>\u201cconseguir un trabajo, hay pocos y cuando se consigue cuesta sostenerlos, tambi\u00e9n hay miedo de perder la pensi\u00f3n al trabajar\u201d.<\/em><\/strong><\/p>\n<p>Por eso, hizo hincapi\u00e9 en la importancia de que las personas con discapacidad puedan trabajar en entornos laborales inclusivos, abiertos y accesibles para que <strong><em>\u201cpuedan ejercer, plenamente y sin discriminaci\u00f3n alguna, su derecho humano a trabajar, en igualdad de condiciones que las dem\u00e1s\u201d.<\/em><\/strong><\/p>\n<p>En tanto, Granata remarc\u00f3 que las<strong><em> \u201cpol\u00edticas de protecci\u00f3n social deben ser un veh\u00edculo para promover la inclusi\u00f3n laboral de las personas con discapacidad y no un obst\u00e1culo que profundice las brechas de desigualdad y pobreza\u201d.<\/em><\/strong><\/p>\n<p>El proyecto presentado crea el Programa de fomento a la inserci\u00f3n laboral de personas con<\/p>\n<p>discapacidad para garantizar el acceso a un trabajo registrado y a un nivel de vida adecuado, junto al desarrollo de los proyectos de vida de mendocinos y mendocinas con discapacidad. El esp\u00edritu de la norma busca erradicar la discriminaci\u00f3n laboral por raz\u00f3n de discapacidad y favorecer la permanencia en el mercado laboral formal.<\/p>\n<p>Adem\u00e1s, se habla de promover la generaci\u00f3n de entornos laborales que sean inclusivos, abiertos y accesibles para que las personas con discapacidad puedan ejercer, plenamente y sin discriminaci\u00f3n alguna, su derecho a trabajar.<\/p>\n<p>Tambi\u00e9n crea un registro de beneficiarios, empresas adheridas, puestos de trabajo ofrecidos y dem\u00e1s datos de inter\u00e9s del programa.<\/p>\n<p>Estuvieron presentes las legisladoras nacionales Anabel Fern\u00e1ndez Sagasti y Marisa Uceda y legisladores provinciales, concejales y autoridades de organismos nacionales.<\/p>\n<p><a href=\"https:\/\/vinasfm.com\/noticias\/wp-content\/uploads\/2023\/07\/IMG-20230729-WA0021.jpg\"><img loading=\"lazy\" decoding=\"async\" class=\"alignnone size-full wp-image-124976\" src=\"https:\/\/vinasfm.com\/noticias\/wp-content\/uploads\/2023\/07\/IMG-20230729-WA0021.jpg\" alt=\"\" width=\"1600\" height=\"1158\" data-wp-editing=\"1\" srcset=\"https:\/\/vinasfm.com\/noticias\/wp-content\/uploads\/2023\/07\/IMG-20230729-WA0021.jpg 1600w, https:\/\/vinasfm.com\/noticias\/wp-content\/uploads\/2023\/07\/IMG-20230729-WA0021-300x217.jpg 300w, https:\/\/vinasfm.com\/noticias\/wp-content\/uploads\/2023\/07\/IMG-20230729-WA0021-1024x741.jpg 1024w, https:\/\/vinasfm.com\/noticias\/wp-content\/uploads\/2023\/07\/IMG-20230729-WA0021-768x556.jpg 768w, https:\/\/vinasfm.com\/noticias\/wp-content\/uploads\/2023\/07\/IMG-20230729-WA0021-1536x1112.jpg 1536w\" sizes=\"auto, (max-width: 1600px) 100vw, 1600px\" \/><\/a><\/p>\n<h2>Beneficios para empresas adheridas al Programa<\/h2>\n<ul>\n<li>Cr\u00e9ditos fiscales para el pago de impuestos nacionales y\/o las contribuciones al sistema de la seguridad social.<\/li>\n<li>L\u00edneas de cr\u00e9dito a tasa de inter\u00e9s preferencial, y\/o disminuir la tasa de inter\u00e9s de los pr\u00e9stamos que posean u obtengan en el Banco Naci\u00f3n, a trav\u00e9s del Banco de la Naci\u00f3n Argentina.<\/li>\n<li>Preferencias en los llamados a licitaci\u00f3n.<\/li>\n<\/ul>\n","protected":false},"excerpt":{"rendered":"<p>M\u00e1s de 46.000 personas podr\u00edan verse beneficiadas. Los precandidatos a diputados nacionales Mart\u00edn Aveiro y Mar\u00eda Amalia Granata adelantaron una de &#8230;<\/p>\n","protected":false},"author":7,"featured_media":124975,"comment_status":"open","ping_status":"open","sticky":false,"template":"","format":"standard","meta":{"footnotes":""},"categories":[5,7],"tags":[],"class_list":["post-124973","post","type-post","status-publish","format-standard","has-post-thumbnail","hentry","category-actualidad","category-politica"],"_links":{"self":[{"href":"https:\/\/vinasfm.com\/noticias\/wp-json\/wp\/v2\/posts\/124973","targetHints":{"allow":["GET"]}}],"collection":[{"href":"https:\/\/vinasfm.com\/noticias\/wp-json\/wp\/v2\/posts"}],"about":[{"href":"https:\/\/vinasfm.com\/noticias\/wp-json\/wp\/v2\/types\/post"}],"author":[{"embeddable":true,"href":"https:\/\/vinasfm.com\/noticias\/wp-json\/wp\/v2\/users\/7"}],"replies":[{"embeddable":true,"href":"https:\/\/vinasfm.com\/noticias\/wp-json\/wp\/v2\/comments?post=124973"}],"version-history":[{"count":2,"href":"https:\/\/vinasfm.com\/noticias\/wp-json\/wp\/v2\/posts\/124973\/revisions"}],"predecessor-version":[{"id":124977,"href":"https:\/\/vinasfm.com\/noticias\/wp-json\/wp\/v2\/posts\/124973\/revisions\/124977"}],"wp:featuredmedia":[{"embeddable":true,"href":"https:\/\/vinasfm.com\/noticias\/wp-json\/wp\/v2\/media\/124975"}],"wp:attachment":[{"href":"https:\/\/vinasfm.com\/noticias\/wp-json\/wp\/v2\/media?parent=124973"}],"wp:term":[{"taxonomy":"category","embeddable":true,"href":"https:\/\/vinasfm.com\/noticias\/wp-json\/wp\/v2\/categories?post=124973"},{"taxonomy":"post_tag","embeddable":true,"href":"https:\/\/vinasfm.com\/noticias\/wp-json\/wp\/v2\/tags?post=124973"}],"curies":[{"name":"wp","href":"https:\/\/api.w.org\/{rel}","templated":true}]}}