{"id":124926,"date":"2023-07-28T08:51:49","date_gmt":"2023-07-28T11:51:49","guid":{"rendered":"https:\/\/vinasfm.com\/noticias\/?p=124926"},"modified":"2023-07-29T10:20:04","modified_gmt":"2023-07-29T13:20:04","slug":"el-peor-final-encontraron-asesinado-a-hector-dionisio-aguilar","status":"publish","type":"post","link":"https:\/\/vinasfm.com\/noticias\/el-peor-final-encontraron-asesinado-a-hector-dionisio-aguilar\/","title":{"rendered":"EL PEOR FINAL: ENCONTRARON ASESINADO A H\u00c9CTOR DIONISIO AGUILAR"},"content":{"rendered":"<p><strong>El cuerpo sin vida del cordob\u00e9s H\u00e9ctor Dionisio Aguilar (64) apareci\u00f3 ayer enterrado, atado de manos y tapado con piedras lajas en un descampado de Cuadro Benegas. <\/strong><\/p>\n<p>Seg\u00fan se conoci\u00f3, el hallazgo se produjo a partir de la confesi\u00f3n de uno de los cinco acusados por el crimen y los restos de la v\u00edctima se encontraban detr\u00e1s del cerro Bola, a la vera de la ruta que lleva a la mina de Sierra Pintada. De acuerdo con las primeras pericias, el cuerpo de Aguilar presentaba dos lesiones de arma blanca en su t\u00f3rax del lado izquierdo.<\/p>\n<p>Si bien a\u00fan resta realizar an\u00e1lisis de ADN para su identificaci\u00f3n dactilosc\u00f3pica, seg\u00fan las caracter\u00edsticas del cuerpo, el fiscal sostuvo que no queda ninguna duda de que el mismo se trata del se\u00f1or H\u00e9ctor Dionisio Aguilar. Esto es porque a\u00fan es muy visible una cicatriz en el costado derecho de su cadera, producto de una pr\u00f3tesis que ten\u00eda Aguilar y por los implantes dentales, elementos que fueron constatados en el lugar por el Cuerpo M\u00e9dico Forense.<\/p>\n<p>Tambi\u00e9n se confirm\u00f3 que la v\u00edctima ten\u00eda la misma ropa con que lo describi\u00f3 su hijo al denunciar el paradero, adem\u00e1s de tener a\u00fan colocados con una tirilla unos anteojos. Tambi\u00e9n se cotej\u00f3 que a la v\u00edctima le faltaba un cristal y que este se corresponde con el cristal hallado en el interior del auto que era de su propiedad y que fue robado y usado por los imputados luego de asesinarlo.<\/p>\n<p><a href=\"https:\/\/vinasfm.com\/noticias\/wp-content\/uploads\/2023\/07\/hector-dionisio-aguilarjpg.webp\"><img loading=\"lazy\" decoding=\"async\" class=\"wp-image-124679 aligncenter\" src=\"https:\/\/vinasfm.com\/noticias\/wp-content\/uploads\/2023\/07\/hector-dionisio-aguilarjpg.webp\" alt=\"\" width=\"500\" height=\"281\" srcset=\"https:\/\/vinasfm.com\/noticias\/wp-content\/uploads\/2023\/07\/hector-dionisio-aguilarjpg.webp 1200w, https:\/\/vinasfm.com\/noticias\/wp-content\/uploads\/2023\/07\/hector-dionisio-aguilarjpg-300x169.webp 300w, https:\/\/vinasfm.com\/noticias\/wp-content\/uploads\/2023\/07\/hector-dionisio-aguilarjpg-1024x576.webp 1024w, https:\/\/vinasfm.com\/noticias\/wp-content\/uploads\/2023\/07\/hector-dionisio-aguilarjpg-768x432.webp 768w, https:\/\/vinasfm.com\/noticias\/wp-content\/uploads\/2023\/07\/hector-dionisio-aguilarjpg-750x420.webp 750w, https:\/\/vinasfm.com\/noticias\/wp-content\/uploads\/2023\/07\/hector-dionisio-aguilarjpg-1140x641.webp 1140w\" sizes=\"auto, (max-width: 500px) 100vw, 500px\" \/><\/a><\/p>\n<p>La altura, el peso y la edad de la v\u00edctima tambi\u00e9n coinciden con los rasgos del cuerpo hallado durante esta jornada. Si bien han transcurrido 25 d\u00edas desde la fecha de muerte las muy bajas temperaturas hicieron que el cuerpo se conservara y eso hizo que Polic\u00eda Cient\u00edfica y el Cuerpo M\u00e9dico Forense pudieran trabajar con normalidad.<\/p>\n<p>De la peor forma se cierra esta historia que comenz\u00f3 en los primeros d\u00edas de julio, cuando el jubilado desapareci\u00f3 de sus lugares habituales, en San Basilio, una localidad de R\u00edo IV, en C\u00f3rdoba.<\/p>\n<p>La investigaci\u00f3n que aqu\u00ed comenz\u00f3 el fiscal Javier Giaroli no arrojaba dudas: Aguilar hab\u00eda llegado a San Rafael siendo v\u00edctima de varios delitos y todo llevaba a pensar que estaba muerto.<\/p>\n<p>Todo comenz\u00f3 cuando una supuesta mujer le dijo a Aguilar, a trav\u00e9s de Faceebok \u2013con un perfil falso que se manejaba desde la c\u00e1rcel local- que a\u00f1os atr\u00e1s hab\u00edan tenido una relaci\u00f3n amorosa, que ella hab\u00eda quedado embarazada y que tuvo una nena. Le asegur\u00f3 que la hija en com\u00fan ten\u00eda 10 a\u00f1os y que ambas estaban en una cr\u00edtica situaci\u00f3n econ\u00f3mica, por lo que necesitaban ayuda econ\u00f3mica.<\/p>\n<p>Esta \u201cmujer\u201d lo convenci\u00f3 de viajar a San Rafael para rescatarlas. De acuerdo con la causa, cuando el cordob\u00e9s lleg\u00f3 a la estaci\u00f3n de servicio de Salto de las Rosas, donde hab\u00edan acordado encontrarse, lo estaban esperando Brian R\u00edos y su pareja, Silvia Luffi , quienes se hicieron pasar por los caseros del lugar donde estaba parando la mujer con la que hab\u00eda tenido la relaci\u00f3n amorosa.<\/p>\n<p>La mujer subi\u00f3 al asiento del acompa\u00f1ante y R\u00edos -un ex preso que hab\u00eda salido de la c\u00e1rcel semanas antes- se acomod\u00f3 en el asiento trasero. De acuerdo con la reconstrucci\u00f3n y la declaraci\u00f3n de uno de los imputados, en el camino R\u00edos atac\u00f3 al jubilado con un cuchillo. Ante la resistencia que ofreci\u00f3 el jubilado, la mujer que iba de acompa\u00f1ante lo sostuvo y qued\u00f3 con heridas cortantes, que a\u00fan pod\u00edan verse varios d\u00edas despu\u00e9s cuando fue detenida. Luego, ambos atacantes \u2013quiz\u00e1s con la ayuda de otro hombre, quiz\u00e1s Alan Mart\u00ednez- descartaron el cuerpo de Aguilar en la zona donde ayer fue encontrado.<\/p>\n<p>Los detenidos en el expediente son: <strong>Brian R\u00edos<\/strong> (30), su mujer, <strong>Silvia Raquel Luffi<\/strong> (31); <strong>Alan Mart\u00ednez<\/strong> (28) y <strong>Hern\u00e1n Oviedo<\/strong> (31), quienes fueron imputados por el delito de <em><strong>\u00abestafa en concurso real con robo agravado por uso de arma y homicidio agravado para procurar impunidad, por alevos\u00eda y por ser cometido por el concurso de personas en concurso ideal\u00bb.<\/strong><\/em> Oviedo ya estaba en la c\u00e1rcel cuando surgi\u00f3 el caso: est\u00e1 cumpliendo una pe\u00f1a de cinco a\u00f1os por un homicidio ocurrido en 2015 en Malarg\u00fce. Es quien manejaba el Facebook falso desde el penal de San Rafael.<\/p>\n<p>La quinta persona imputada es <strong>C\u00e9sar Campos<\/strong> (32), acusado de ser quien iba a encargarse de desguazar el auto del cordob\u00e9s y vender las autopartes en el mercado negro.<\/p>\n<p>Tambi\u00e9n pudo saberse que el Ministerio P\u00fablico Fiscal de C\u00f3rdoba se declarar\u00e1 incompetente en raz\u00f3n del territorio y remitir\u00e1 el expediente a la justicia mendocina. Aqu\u00ed, y por la calificaci\u00f3n de los delitos, se espera que los cuatro principales acusados enfrenten un juicio por jurados populares. Todos arriesgan penas de prisi\u00f3n perpetua.<\/p>\n","protected":false},"excerpt":{"rendered":"<p>El cuerpo sin vida del cordob\u00e9s H\u00e9ctor Dionisio Aguilar (64) apareci\u00f3 ayer enterrado, atado de manos y tapado con piedras lajas &#8230;<\/p>\n","protected":false},"author":7,"featured_media":124927,"comment_status":"open","ping_status":"open","sticky":false,"template":"","format":"standard","meta":{"footnotes":""},"categories":[5,10],"tags":[],"class_list":["post-124926","post","type-post","status-publish","format-standard","has-post-thumbnail","hentry","category-actualidad","category-destacadas"],"_links":{"self":[{"href":"https:\/\/vinasfm.com\/noticias\/wp-json\/wp\/v2\/posts\/124926","targetHints":{"allow":["GET"]}}],"collection":[{"href":"https:\/\/vinasfm.com\/noticias\/wp-json\/wp\/v2\/posts"}],"about":[{"href":"https:\/\/vinasfm.com\/noticias\/wp-json\/wp\/v2\/types\/post"}],"author":[{"embeddable":true,"href":"https:\/\/vinasfm.com\/noticias\/wp-json\/wp\/v2\/users\/7"}],"replies":[{"embeddable":true,"href":"https:\/\/vinasfm.com\/noticias\/wp-json\/wp\/v2\/comments?post=124926"}],"version-history":[{"count":1,"href":"https:\/\/vinasfm.com\/noticias\/wp-json\/wp\/v2\/posts\/124926\/revisions"}],"predecessor-version":[{"id":124928,"href":"https:\/\/vinasfm.com\/noticias\/wp-json\/wp\/v2\/posts\/124926\/revisions\/124928"}],"wp:featuredmedia":[{"embeddable":true,"href":"https:\/\/vinasfm.com\/noticias\/wp-json\/wp\/v2\/media\/124927"}],"wp:attachment":[{"href":"https:\/\/vinasfm.com\/noticias\/wp-json\/wp\/v2\/media?parent=124926"}],"wp:term":[{"taxonomy":"category","embeddable":true,"href":"https:\/\/vinasfm.com\/noticias\/wp-json\/wp\/v2\/categories?post=124926"},{"taxonomy":"post_tag","embeddable":true,"href":"https:\/\/vinasfm.com\/noticias\/wp-json\/wp\/v2\/tags?post=124926"}],"curies":[{"name":"wp","href":"https:\/\/api.w.org\/{rel}","templated":true}]}}