{"id":124915,"date":"2023-07-27T21:02:36","date_gmt":"2023-07-28T00:02:36","guid":{"rendered":"https:\/\/vinasfm.com\/noticias\/?p=124915"},"modified":"2023-07-28T16:02:44","modified_gmt":"2023-07-28T19:02:44","slug":"el-hcd-aprobo-dos-convenios-comodatos-con-empresas-metalurgicas","status":"publish","type":"post","link":"https:\/\/vinasfm.com\/noticias\/el-hcd-aprobo-dos-convenios-comodatos-con-empresas-metalurgicas\/","title":{"rendered":"EL HCD APROB\u00d3 DOS CONVENIOS COMODATOS CON EMPRESAS METAL\u00daRGICAS"},"content":{"rendered":"<p><strong>Este jueves se celebr\u00f3 una nueva Sesi\u00f3n Ordinaria en el Honorable Concejo Deliberante en donde de dio la aprobaci\u00f3n de distintos expedientes de entre los que destacan dos Convenidos Comodatos para la instalaci\u00f3n de empresas en el terreno de EMIXA.<\/strong><\/p>\n<p>La presidente del HCD, Mabel Uccelli explic\u00f3 que <em><strong>\u00abpor medio de este Comodato dos empresas del rubro metal mec\u00e1nica se podr\u00e1n instalar en el terreno de EMIXA, ubicado sobre Ruta Nacional 188, en donde actualmente existen cuatro fracciones terrenos dispuestos a este rubro\u00bb.<\/strong><\/em> A partir de la aprobaci\u00f3n del Convenio las empresas implicadas pueden hacer uso del lugar para edificar sus empresas y trabajar durante 20 a\u00f1os.<\/p>\n<p>Uccelli destac\u00f3 que <em><strong>\u00abse trata de las familias Porta y Ballester, dos empresas que han logrado progresa, crecer e incrementar su maquinaria\u00bb.\u00a0<\/strong><\/em>Si bien los Comodatos tiene una duraci\u00f3n de 20 a\u00f1os existe la posibilidad de una exenci\u00f3n hasta 40 a\u00f1os.<\/p>\n<p>La presidente del HCD tambi\u00e9n remarc\u00f3 que <strong><em>\u00abquedan dos lotes disponibles para este rubro y quienes est\u00e9n interesados en acceder a uno de ellos deber\u00e1n presentarse en la municipalidad para iniciar las negociaciones y lograr su instalaci\u00f3n\u00bb.<\/em><\/strong><\/p>\n<h2>CONVENIO DE UTILIZACI\u00d3N DE FONDOS COPARTICIPABLES DE INFRAESTRUCTURA ESCOLAR<\/h2>\n<p>Durante la Sesi\u00f3n celebrada este jueves tambi\u00e9n se aprob\u00f3 un Convenio sobre \u00abUtilizaci\u00f3n de Fondos Coparticipables de Infraestructura Escolar\u00bb. Uccelli detall\u00f3 que <strong><em>\u00abdesde el a\u00f1o pasado la Provincia dispuso que los Municipios deb\u00edan hacerse cargo de ciertas remodelaciones en los edificios escolares y su mantenimiento\u00bb.\u00a0<\/em><\/strong><\/p>\n<p>Desde el Concejo mantuvieron reuniones con todas las partes implicadas para salvar dudas y lograr a la aprobaci\u00f3n del Convenio. Un 30% de los fondos que env\u00eda Provincia son destinados a Infraestructura y Educaci\u00f3n del departamento, <strong><em>\u00ablos fondos var\u00edan seg\u00fan el Presupuesto Provincial, as\u00ed como tambi\u00e9n las bases y condiciones\u00bb<\/em><\/strong>, culmin\u00f3 Mabel Uccelli.<\/p>\n","protected":false},"excerpt":{"rendered":"<p>Este jueves se celebr\u00f3 una nueva Sesi\u00f3n Ordinaria en el Honorable Concejo Deliberante en donde de dio la aprobaci\u00f3n de distintos &#8230;<\/p>\n","protected":false},"author":7,"featured_media":124916,"comment_status":"open","ping_status":"open","sticky":false,"template":"","format":"standard","meta":{"footnotes":""},"categories":[5,7],"tags":[],"class_list":["post-124915","post","type-post","status-publish","format-standard","has-post-thumbnail","hentry","category-actualidad","category-politica"],"_links":{"self":[{"href":"https:\/\/vinasfm.com\/noticias\/wp-json\/wp\/v2\/posts\/124915","targetHints":{"allow":["GET"]}}],"collection":[{"href":"https:\/\/vinasfm.com\/noticias\/wp-json\/wp\/v2\/posts"}],"about":[{"href":"https:\/\/vinasfm.com\/noticias\/wp-json\/wp\/v2\/types\/post"}],"author":[{"embeddable":true,"href":"https:\/\/vinasfm.com\/noticias\/wp-json\/wp\/v2\/users\/7"}],"replies":[{"embeddable":true,"href":"https:\/\/vinasfm.com\/noticias\/wp-json\/wp\/v2\/comments?post=124915"}],"version-history":[{"count":1,"href":"https:\/\/vinasfm.com\/noticias\/wp-json\/wp\/v2\/posts\/124915\/revisions"}],"predecessor-version":[{"id":124917,"href":"https:\/\/vinasfm.com\/noticias\/wp-json\/wp\/v2\/posts\/124915\/revisions\/124917"}],"wp:featuredmedia":[{"embeddable":true,"href":"https:\/\/vinasfm.com\/noticias\/wp-json\/wp\/v2\/media\/124916"}],"wp:attachment":[{"href":"https:\/\/vinasfm.com\/noticias\/wp-json\/wp\/v2\/media?parent=124915"}],"wp:term":[{"taxonomy":"category","embeddable":true,"href":"https:\/\/vinasfm.com\/noticias\/wp-json\/wp\/v2\/categories?post=124915"},{"taxonomy":"post_tag","embeddable":true,"href":"https:\/\/vinasfm.com\/noticias\/wp-json\/wp\/v2\/tags?post=124915"}],"curies":[{"name":"wp","href":"https:\/\/api.w.org\/{rel}","templated":true}]}}