{"id":124911,"date":"2023-07-27T20:23:25","date_gmt":"2023-07-27T23:23:25","guid":{"rendered":"https:\/\/vinasfm.com\/noticias\/?p=124911"},"modified":"2023-07-28T11:31:20","modified_gmt":"2023-07-28T14:31:20","slug":"preocupacion-por-la-venta-de-carpetas-del-ipv-en-el-departamento","status":"publish","type":"post","link":"https:\/\/vinasfm.com\/noticias\/preocupacion-por-la-venta-de-carpetas-del-ipv-en-el-departamento\/","title":{"rendered":"PREOCUPACI\u00d3N POR LA VENTA DE CARPETAS DEL IPV EN EL DEPARTAMENTO"},"content":{"rendered":"<p><strong>Durante la ma\u00f1ana de este jueves el Director de Vivienda del municipio brind\u00f3 una conferencia de prensa en donde se refiri\u00f3 a la venta ilegal de carpetas del IPV, por redes sociales.<\/strong><\/p>\n<p>Durante el ultimo tiempo comenzaron a circular publicaciones en las redes en donde se\u00a0 comet\u00edan irregularidades de los postulantes de barrios correspondientes al Instituto Provincial de la Vivienda, ante este acontecimiento Fabi\u00e1n Gim\u00e9nez expres\u00f3 <em><strong>\u00abese barrio est\u00e1 dentro del Programa Provincial de Viviendas Mendoza Construye L\u00ednea de Acci\u00f3n 1, la entidad intermedia es el Sindicato de Luz y Fuerza, que ha donado el terreno al IPV para que se construya la vivienda y ha presentado el listado de los 15 postulantes respectivos\u00bb.<\/strong><\/em><\/p>\n<p>Si bien se trata de postulantes y no de adjudicatarios, aclar\u00f3 que<em><strong> \u00abde igual manera es una acci\u00f3n ilegal por eso le pedimos a la comunidad que desestime esos mensajes\u00bb. <\/strong><\/em>Adem\u00e1s Gim\u00e9nez se\u00f1al\u00f3 que <em><strong>\u00abhasta el momento solo se est\u00e1 realizando la evaluaci\u00f3n social de los aspirantes\u00bb.\u00a0<\/strong><\/em><\/p>\n<h2>VENTA DE CARPETAS<\/h2>\n<p>El Director de Vivienda explic\u00f3 que en las redes sociales <em><strong>\u00abest\u00e1n circulando fotos del barrio en construcci\u00f3n, que est\u00e1 en un 30% de ejecuci\u00f3n, en donde se ofrec\u00edan a la venta las carpetas\u00bb.<\/strong><\/em> En el caso de que alguna persona adquiriera, <strong>de forma ilegal<\/strong>, una carpeta <strong>no se le reconocer\u00e1 ning\u00fan derecho y al postulante se le dar\u00e1 de baja ya que la venta implica que no tiene ninguna necesidad habitacional.<\/strong> Afortunadamente este suceso es un hecho aislado y no se ha dado en otros barrios.<\/p>\n<p>Gim\u00e9nez aclar\u00f3 que <strong><em>\u00abdurante la construcci\u00f3n del barrio no est\u00e1 permitido ning\u00fan tipo de negocio con las carpetas\u00bb<\/em><\/strong> y se\u00f1al\u00f3 que <em><b>\u00abla pre-adjudicaci\u00f3n se realiza al finalizar la construcci\u00f3n por cualquier tipo de modificaci\u00f3n que suceda\u00a0en las familias postulantes\u00bb.\u00a0<\/b><\/em><\/p>\n<p>Por \u00faltimo remarc\u00f3 que se <strong><em>\u00able ha aportado toda la informaci\u00f3n de lo sucedido al IPV ya que el terreno del barrio ya est\u00e1 en sus manos y de tomarse alguna acci\u00f3n legal ser\u00e1 por parte del Instituto\u00bb.\u00a0\u00a0<\/em><\/strong><\/p>\n<p>&nbsp;<\/p>\n","protected":false},"excerpt":{"rendered":"<p>Durante la ma\u00f1ana de este jueves el Director de Vivienda del municipio brind\u00f3 una conferencia de prensa en donde se refiri\u00f3 &#8230;<\/p>\n","protected":false},"author":7,"featured_media":124912,"comment_status":"open","ping_status":"open","sticky":false,"template":"","format":"standard","meta":{"footnotes":""},"categories":[1],"tags":[],"class_list":["post-124911","post","type-post","status-publish","format-standard","has-post-thumbnail","hentry","category-fmvinas"],"_links":{"self":[{"href":"https:\/\/vinasfm.com\/noticias\/wp-json\/wp\/v2\/posts\/124911","targetHints":{"allow":["GET"]}}],"collection":[{"href":"https:\/\/vinasfm.com\/noticias\/wp-json\/wp\/v2\/posts"}],"about":[{"href":"https:\/\/vinasfm.com\/noticias\/wp-json\/wp\/v2\/types\/post"}],"author":[{"embeddable":true,"href":"https:\/\/vinasfm.com\/noticias\/wp-json\/wp\/v2\/users\/7"}],"replies":[{"embeddable":true,"href":"https:\/\/vinasfm.com\/noticias\/wp-json\/wp\/v2\/comments?post=124911"}],"version-history":[{"count":6,"href":"https:\/\/vinasfm.com\/noticias\/wp-json\/wp\/v2\/posts\/124911\/revisions"}],"predecessor-version":[{"id":124946,"href":"https:\/\/vinasfm.com\/noticias\/wp-json\/wp\/v2\/posts\/124911\/revisions\/124946"}],"wp:featuredmedia":[{"embeddable":true,"href":"https:\/\/vinasfm.com\/noticias\/wp-json\/wp\/v2\/media\/124912"}],"wp:attachment":[{"href":"https:\/\/vinasfm.com\/noticias\/wp-json\/wp\/v2\/media?parent=124911"}],"wp:term":[{"taxonomy":"category","embeddable":true,"href":"https:\/\/vinasfm.com\/noticias\/wp-json\/wp\/v2\/categories?post=124911"},{"taxonomy":"post_tag","embeddable":true,"href":"https:\/\/vinasfm.com\/noticias\/wp-json\/wp\/v2\/tags?post=124911"}],"curies":[{"name":"wp","href":"https:\/\/api.w.org\/{rel}","templated":true}]}}