{"id":124906,"date":"2023-07-27T11:28:39","date_gmt":"2023-07-27T14:28:39","guid":{"rendered":"https:\/\/vinasfm.com\/noticias\/?p=124906"},"modified":"2023-07-28T11:35:59","modified_gmt":"2023-07-28T14:35:59","slug":"el-gobierno-llamo-a-licitacion-publica-para-el-seguro-agricola-de-la-proxima-temporada","status":"publish","type":"post","link":"https:\/\/vinasfm.com\/noticias\/el-gobierno-llamo-a-licitacion-publica-para-el-seguro-agricola-de-la-proxima-temporada\/","title":{"rendered":"EL GOBIERNO LLAM\u00d3 A LICITACI\u00d3N P\u00daBLICA PARA EL SEGURO AGR\u00cdCOLA DE LA PR\u00d3XIMA TEMPORADA"},"content":{"rendered":"<p><strong>Ser\u00e1 el 17 de agosto. Est\u00e1 presupuestado en m\u00e1s de 1.400 millones de pesos.<\/strong><\/p>\n<p>El Gobierno confirm\u00f3 el llamado a licitaci\u00f3n p\u00fablica para la adquisici\u00f3n del seguro agr\u00edcola para la pr\u00f3xima temporada. La inversi\u00f3n por parte de la provincia ser\u00e1 superior a los 1.400 millones de pesos. La apertura de los sobres se realizar\u00e1 el 17 de agosto a las 10.<\/p>\n<p>La novedad fue confirmada a trav\u00e9s del decreto 1.584 publicado este jueves en el Bolet\u00edn Oficial y lleva la firma del gobernador Rodolfo Suarez y del ministro de Gobierno Trabajo y Justicia, V\u00edctor Iba\u00f1ez.<\/p>\n<p><strong><em>\u201cLa licitaci\u00f3n p\u00fablica para la adquisici\u00f3n de una cobertura de seguro colectivo para contingencias clim\u00e1ticas que produzcan el granizo y\/o las heladas tard\u00edas o primaverales a cultivos bajo riesgo de la Provincia de Mendoza, es una contrataci\u00f3n que la Direcci\u00f3n de Contingencias Clim\u00e1ticas realiza en forma habitual, cada a\u00f1o, a fin de garantizar la actividad agr\u00edcola y econ\u00f3mica de la Provincia\u201d<\/em><\/strong>, reza un fragmento del decreto.<\/p>\n<p>La inversi\u00f3n presupuestada por el Ejecutivo es de hasta 1.470 millones de pesos.<\/p>\n<p>Por otra parte, la suma asegurada por hect\u00e1rea afectada al 100% por granizo o heladas ser\u00e1 de 250 mil pesos. En tanto, el seguro comenzar\u00e1 a regir el 1 de septiembre de este a\u00f1o y hasta el 31 de mayo de 2024 con opci\u00f3n de ser extendido, dependiendo de los requerimientos del estado.<\/p>\n<p>El sector agr\u00edcola fue muy castigado durante la temporada 2022\/2023, donde heladas tard\u00edas y potentes tormentas graniceras hicieron que las cosechas fueran magras, poniendo contra las cuerdas a los peque\u00f1os y medianos productores.<\/p>\n<p>Por ejemplo, la cosecha de uva de este a\u00f1o apenas super\u00f3 los 15 millones de quintales, casi un 40% menos del promedio hist\u00f3rico.<\/p>\n<p><a href=\"https:\/\/vinasfm.com\/noticias\/wp-content\/uploads\/2023\/07\/pedido_214807_26072023.pdf\">pedido_214807_26072023<\/a><\/p>\n","protected":false},"excerpt":{"rendered":"<p>Ser\u00e1 el 17 de agosto. Est\u00e1 presupuestado en m\u00e1s de 1.400 millones de pesos. El Gobierno confirm\u00f3 el llamado a licitaci\u00f3n &#8230;<\/p>\n","protected":false},"author":7,"featured_media":115629,"comment_status":"open","ping_status":"open","sticky":false,"template":"","format":"standard","meta":{"footnotes":""},"categories":[5,14],"tags":[],"class_list":["post-124906","post","type-post","status-publish","format-standard","has-post-thumbnail","hentry","category-actualidad","category-agro"],"_links":{"self":[{"href":"https:\/\/vinasfm.com\/noticias\/wp-json\/wp\/v2\/posts\/124906","targetHints":{"allow":["GET"]}}],"collection":[{"href":"https:\/\/vinasfm.com\/noticias\/wp-json\/wp\/v2\/posts"}],"about":[{"href":"https:\/\/vinasfm.com\/noticias\/wp-json\/wp\/v2\/types\/post"}],"author":[{"embeddable":true,"href":"https:\/\/vinasfm.com\/noticias\/wp-json\/wp\/v2\/users\/7"}],"replies":[{"embeddable":true,"href":"https:\/\/vinasfm.com\/noticias\/wp-json\/wp\/v2\/comments?post=124906"}],"version-history":[{"count":1,"href":"https:\/\/vinasfm.com\/noticias\/wp-json\/wp\/v2\/posts\/124906\/revisions"}],"predecessor-version":[{"id":124908,"href":"https:\/\/vinasfm.com\/noticias\/wp-json\/wp\/v2\/posts\/124906\/revisions\/124908"}],"wp:featuredmedia":[{"embeddable":true,"href":"https:\/\/vinasfm.com\/noticias\/wp-json\/wp\/v2\/media\/115629"}],"wp:attachment":[{"href":"https:\/\/vinasfm.com\/noticias\/wp-json\/wp\/v2\/media?parent=124906"}],"wp:term":[{"taxonomy":"category","embeddable":true,"href":"https:\/\/vinasfm.com\/noticias\/wp-json\/wp\/v2\/categories?post=124906"},{"taxonomy":"post_tag","embeddable":true,"href":"https:\/\/vinasfm.com\/noticias\/wp-json\/wp\/v2\/tags?post=124906"}],"curies":[{"name":"wp","href":"https:\/\/api.w.org\/{rel}","templated":true}]}}