{"id":124903,"date":"2023-07-27T11:24:43","date_gmt":"2023-07-27T14:24:43","guid":{"rendered":"https:\/\/vinasfm.com\/noticias\/?p=124903"},"modified":"2023-07-28T10:57:52","modified_gmt":"2023-07-28T13:57:52","slug":"denuncian-falta-de-coordinacion-entre-la-justicia-y-la-policia-hay-mucha-preocupacion-por-los-abigeatos","status":"publish","type":"post","link":"https:\/\/vinasfm.com\/noticias\/denuncian-falta-de-coordinacion-entre-la-justicia-y-la-policia-hay-mucha-preocupacion-por-los-abigeatos\/","title":{"rendered":"DENUNCIAN FALTA DE COORDINACI\u00d3N ENTRE LA JUSTICIA Y LA POLIC\u00cdA: \u201cHAY MUCHA PREOCUPACI\u00d3N POR LOS ABIGEATOS\u201d"},"content":{"rendered":"<p><strong>Crece la ola de robos en la zona rural, tanto de San Rafael como de General Alvear, lo que genera mucho malestar en los vecinos que habitan en fincas, debido a las p\u00e9rdidas que genera y la sensaci\u00f3n de indefensi\u00f3n ante la falta de controles.\u00a0<\/strong><\/p>\n<p>El sector agropecuario no est\u00e1 exento de la inseguridad existente a nivel social en general, y es algo que los productores sienten cada vez m\u00e1s. <strong><em>\u201cParece que en la zona rural se le da un poco menos de inter\u00e9s y se visibiliza menos tambi\u00e9n, as\u00ed que hay mucha preocupaci\u00f3n por los abigeatos y est\u00e1n robando mucho los sistemas de bombeo solar, que son las pantallas y las bombas, equipos muy costosos no s\u00f3lo por la reposici\u00f3n de los mismos, sino porque dejan a los campos sin agua para los animales\u201d<\/em><\/strong>, dijo Ramiro Labay, presidente de la Espec\u00edfica de Ganader\u00eda de la C\u00e1mara de Comercio de General Alvear y agreg\u00f3 que <em><strong>\u201cse ve que son bandas organizadas porque est\u00e1 sucediendo en algunos sectores espec\u00edficos, donde ni siquiera rompen las tranqueras, sino que entran caminando 4 o 5 kil\u00f3metros, van con todas las herramientas, se llevan paneles, bombas y en el \u00faltimo caso se llevaron hasta la m\u00e1quina de un molino, para lo cual hay que subirse, desarmar, pesa alrededor de 60 kilos esa m\u00e1quina, as\u00ed que tienen una log\u00edstica bastante interesante\u201d.<\/strong><\/em><\/p>\n<p>En varias oportunidades han llevado a cabo reuniones, se ha intentado reunir al Ministerio P\u00fablico Fiscal, la Polic\u00eda Rural, los consejos departamentales de seguridad, y siempre lo que notan es que hay <em><strong>\u201ccierta descoordinaci\u00f3n entre las partes, y todos se van tirando la pelota uno al otro\u201d<\/strong><\/em>. <em><strong>\u201cLa polic\u00eda a veces act\u00faa en tiempo y forma, y la fiscal\u00eda no manda las \u00f3rdenes de allanamientos pero alega que \u2018se est\u00e1 ajustando a derecho\u2019, entonces esa desconexi\u00f3n hace que nunca tengamos resultados. As\u00ed tenemos todos los hechos de inseguridad que ocurren, pero nunca vemos que haya habido alg\u00fan allanamiento exitoso, que se haya recuperado algo, o que alg\u00fan delincuente haya sufrido alguna consecuencia por los hechos que ha cometido\u201d<\/strong><\/em>, critic\u00f3 Labay. Frente a eso, lo que piden desde el organismo que preside <em><strong>\u201ces que haya m\u00e1s integraci\u00f3n entre las partes para ver los resultados\u201d.<\/strong><\/em><\/p>\n","protected":false},"excerpt":{"rendered":"<p>Crece la ola de robos en la zona rural, tanto de San Rafael como de General Alvear, lo que genera mucho &#8230;<\/p>\n","protected":false},"author":7,"featured_media":124904,"comment_status":"open","ping_status":"open","sticky":false,"template":"","format":"standard","meta":{"footnotes":""},"categories":[5,22],"tags":[],"class_list":["post-124903","post","type-post","status-publish","format-standard","has-post-thumbnail","hentry","category-actualidad","category-justicia"],"_links":{"self":[{"href":"https:\/\/vinasfm.com\/noticias\/wp-json\/wp\/v2\/posts\/124903","targetHints":{"allow":["GET"]}}],"collection":[{"href":"https:\/\/vinasfm.com\/noticias\/wp-json\/wp\/v2\/posts"}],"about":[{"href":"https:\/\/vinasfm.com\/noticias\/wp-json\/wp\/v2\/types\/post"}],"author":[{"embeddable":true,"href":"https:\/\/vinasfm.com\/noticias\/wp-json\/wp\/v2\/users\/7"}],"replies":[{"embeddable":true,"href":"https:\/\/vinasfm.com\/noticias\/wp-json\/wp\/v2\/comments?post=124903"}],"version-history":[{"count":2,"href":"https:\/\/vinasfm.com\/noticias\/wp-json\/wp\/v2\/posts\/124903\/revisions"}],"predecessor-version":[{"id":124942,"href":"https:\/\/vinasfm.com\/noticias\/wp-json\/wp\/v2\/posts\/124903\/revisions\/124942"}],"wp:featuredmedia":[{"embeddable":true,"href":"https:\/\/vinasfm.com\/noticias\/wp-json\/wp\/v2\/media\/124904"}],"wp:attachment":[{"href":"https:\/\/vinasfm.com\/noticias\/wp-json\/wp\/v2\/media?parent=124903"}],"wp:term":[{"taxonomy":"category","embeddable":true,"href":"https:\/\/vinasfm.com\/noticias\/wp-json\/wp\/v2\/categories?post=124903"},{"taxonomy":"post_tag","embeddable":true,"href":"https:\/\/vinasfm.com\/noticias\/wp-json\/wp\/v2\/tags?post=124903"}],"curies":[{"name":"wp","href":"https:\/\/api.w.org\/{rel}","templated":true}]}}