{"id":124900,"date":"2023-07-27T10:33:35","date_gmt":"2023-07-27T13:33:35","guid":{"rendered":"https:\/\/vinasfm.com\/noticias\/?p=124900"},"modified":"2023-07-28T10:45:49","modified_gmt":"2023-07-28T13:45:49","slug":"a-un-ano-y-medio-del-anuncio-presidencial-no-se-construyo-ninguna-secundaria-tecnica-en-mendoza","status":"publish","type":"post","link":"https:\/\/vinasfm.com\/noticias\/a-un-ano-y-medio-del-anuncio-presidencial-no-se-construyo-ninguna-secundaria-tecnica-en-mendoza\/","title":{"rendered":"A UN A\u00d1O Y MEDIO DEL ANUNCIO PRESIDENCIAL, NO SE CONSTRUY\u00d3 NINGUNA SECUNDARIA T\u00c9CNICA EN MENDOZA"},"content":{"rendered":"<p><strong>La DGE espera que Naci\u00f3n actualice el presupuesto oficial que qued\u00f3 desfasado por la inflaci\u00f3n para encarar una nueva licitaci\u00f3n. Solo una obra en Tunuy\u00e1n fue adjudicada y a\u00fan no lleg\u00f3 el dinero.<\/strong><\/p>\n<p>A ritmo de cumbia y bajo el t\u00edtulo \u201cInvertimos en el futuro de Argentina\u201d, as\u00ed comenzaba el spot del Ministerio de Obras P\u00fablicas de Naci\u00f3n con el que se promocionaban en febrero de 2022 la construcci\u00f3n de\u00a0<strong>100 escuelas t\u00e9cnicas de Educaci\u00f3n Profesional Secundaria<\/strong>\u00a0en todo el pa\u00eds. Sin embargo, de los cuatro establecimientos que le corresponden a Mendoza, solo se avanz\u00f3 en la licitaci\u00f3n de uno, en Tunuy\u00e1n.<\/p>\n<p>A un a\u00f1o y medio de la promesa, la Provincia busca un plan B para construir los espacios educativos que cubrir\u00e1n la demanda de 3.600 estudiantes.\u00a0Si bien se lanzaron las licitaciones, el monto inicial de inversi\u00f3n qued\u00f3 desfasado y las ofertas presentadas superaban ampliamente esos n\u00fameros.<\/p>\n<aside class=\"scaip scaip-1 \"><\/aside>\n<figure class=\"wp-block-embed is-type-video is-provider-youtube wp-block-embed-youtube wp-embed-aspect-16-9 wp-has-aspect-ratio\">\n<div class=\"wp-block-embed__wrapper\">\n<div class=\"perfmatters-lazy-youtube\" data-src=\"https:\/\/www.youtube.com\/embed\/WJagvDzlU1Q\" data-id=\"WJagvDzlU1Q\" data-query=\"start=124&amp;feature=oembed\">\n<div>\n<p><img loading=\"lazy\" decoding=\"async\" src=\"https:\/\/i.ytimg.com\/vi\/WJagvDzlU1Q\/hqdefault.jpg\" alt=\"YouTube video\" width=\"480\" height=\"360\" data-perfmatters-preload=\"\" data-pin-nopin=\"true\" \/><\/p>\n<div class=\"play\"><\/div>\n<\/div>\n<\/div>\n<\/div>\n<\/figure>\n<p>Carlos Daparo, director de Educaci\u00f3n T\u00e9cnica y Trabajo, afirm\u00f3 que a la hora de establecer el presupuesto del programa lanzado por Alberto Fern\u00e1ndez, no se tuvo en cuenta el proceso inflacionario.\u00a0\u201cAhora estamos esperando que Naci\u00f3n actualice los valores o nos diga qu\u00e9 hacer\u201d, afirm\u00f3.<\/p>\n<p>En principio, el plan de ejecuci\u00f3n estaba establecido en 12 meses, por lo que, de haberse cumplido los plazos,\u00a0la Direcci\u00f3n General de Escuelas (DGE) estimaba que a principios de este a\u00f1o estuvieran avanzadas en un 80%.<\/p>\n<p>Los establecimientos ser\u00e1n levantados en terrenos de la DGE y tendr\u00e1n una superficie total de 3.500 metros cuadrados.\u00a0Estar\u00e1n ubicados en Ugarteche, Luj\u00e1n de Cuyo; en Fray Luis Beltr\u00e1n, Maip\u00fa; en inmediaciones del Polo TIC, en el distrito San Francisco del Monte, Godoy Cruz y en Vista Flores, Tunuy\u00e1n.<\/p>\n<p>Deber\u00e1n cumplir con las caracter\u00edsticas de las especialidades t\u00e9cnicas que fueron priorizadas para este proyecto: Agroindustria; Bioeconom\u00eda; Construcciones; Econom\u00eda del conocimiento; Energ\u00edas; Industria textil; Miner\u00eda, Mec\u00e1nica automotriz; Metalmec\u00e1nica; Madera y muebles; Petr\u00f3leo y gas; Tecnolog\u00eda 4.0; y Telecomunicaciones.<\/p>\n<figure class=\"wp-block-image size-full\"><img loading=\"lazy\" decoding=\"async\" class=\"wp-image-1854431 jetpack-lazy-image jetpack-lazy-image--handled\" src=\"https:\/\/i0.wp.com\/newspack-elsol.s3.amazonaws.com\/wp-content\/uploads\/2023\/07\/15_ET-PAMPA-00-LABORATORIOS-700x-1.jpg?resize=700%2C394&amp;ssl=1\" sizes=\"auto, (max-width: 700px) 100vw, 700px\" srcset=\"https:\/\/i0.wp.com\/newspack-elsol.s3.amazonaws.com\/wp-content\/uploads\/2023\/07\/15_ET-PAMPA-00-LABORATORIOS-700x-1.jpg?w=700&amp;ssl=1 700w, https:\/\/i0.wp.com\/newspack-elsol.s3.amazonaws.com\/wp-content\/uploads\/2023\/07\/15_ET-PAMPA-00-LABORATORIOS-700x-1.jpg?resize=300%2C169&amp;ssl=1 300w, https:\/\/i0.wp.com\/newspack-elsol.s3.amazonaws.com\/wp-content\/uploads\/2023\/07\/15_ET-PAMPA-00-LABORATORIOS-700x-1.jpg?resize=400%2C225&amp;ssl=1 400w, https:\/\/i0.wp.com\/newspack-elsol.s3.amazonaws.com\/wp-content\/uploads\/2023\/07\/15_ET-PAMPA-00-LABORATORIOS-700x-1.jpg?w=370&amp;ssl=1 370w\" alt=\"\" width=\"700\" height=\"394\" data-recalc-dims=\"1\" data-lazy-loaded=\"1\" \/><figcaption class=\"wp-element-caption\">Naci\u00f3n dise\u00f1\u00f3 escuelas t\u00e9cnicas que a\u00fan no construye.<\/figcaption><\/figure>\n<h2 id=\"h-la-inflacion-y-los-presupuestos\" class=\"wp-block-heading\">La inflaci\u00f3n y los presupuestos<\/h2>\n<p>La inversi\u00f3n anunciada por Naci\u00f3n el 16 de febrero de 2022 para la construcci\u00f3n de las 100 escuelas t\u00e9cnicas era de 35.500 millones, que fue actualizado a 68.299 millones, este a\u00f1o.<\/p>\n<p>Para Mendoza, el presupuesto inicial estaba estimado en 2 mil millones de pesos, financiados con fondos nacionales: unos 500 millones de pesos para la escuela de Tunuy\u00e1n\u00a0y entre 600 y 800 millones para las restantes.<\/p>\n<p>Sin embargo, cuando llegaron las ofertas que superaban ese presupuesto, Infraestructura volvi\u00f3 a realizar los c\u00e1lculos,\u00a0se midieron las ofertas y ese monto para la de Vista Flores qued\u00f3 en unos 770 millones.<\/p>\n<p>\u201c<em>Estamos esperando que Naci\u00f3n empiece a liberar los fondos, que no lo ha liberado, para empezar la obra que se hace en Tunuy\u00e1n. El presupuesto oficial se excedi\u00f3, pero igual se adjudic\u00f3<\/em>\u201d, dijo Daparo.<\/p>\n<figure class=\"wp-block-image size-full\"><img loading=\"lazy\" decoding=\"async\" class=\"wp-image-1854430 jetpack-lazy-image jetpack-lazy-image--handled\" src=\"https:\/\/i0.wp.com\/newspack-elsol.s3.amazonaws.com\/wp-content\/uploads\/2023\/07\/11_ET-PAMPA-00-ESTAR-700x394-1.jpg?resize=700%2C394&amp;ssl=1\" sizes=\"auto, (max-width: 700px) 100vw, 700px\" srcset=\"https:\/\/i0.wp.com\/newspack-elsol.s3.amazonaws.com\/wp-content\/uploads\/2023\/07\/11_ET-PAMPA-00-ESTAR-700x394-1.jpg?w=700&amp;ssl=1 700w, https:\/\/i0.wp.com\/newspack-elsol.s3.amazonaws.com\/wp-content\/uploads\/2023\/07\/11_ET-PAMPA-00-ESTAR-700x394-1.jpg?resize=300%2C169&amp;ssl=1 300w, https:\/\/i0.wp.com\/newspack-elsol.s3.amazonaws.com\/wp-content\/uploads\/2023\/07\/11_ET-PAMPA-00-ESTAR-700x394-1.jpg?resize=400%2C225&amp;ssl=1 400w, https:\/\/i0.wp.com\/newspack-elsol.s3.amazonaws.com\/wp-content\/uploads\/2023\/07\/11_ET-PAMPA-00-ESTAR-700x394-1.jpg?w=370&amp;ssl=1 370w\" alt=\"\" width=\"700\" height=\"394\" data-recalc-dims=\"1\" data-lazy-loaded=\"1\" \/><figcaption class=\"wp-element-caption\">El proyecto de Naci\u00f3n para las escuelas t\u00e9cnicas que aun no avanza en Mendoza.<\/figcaption><\/figure>\n<p>Y a\u00f1adi\u00f3: \u201c<em>Las otras ofertas ten\u00edan un incremento con respecto al valor presupuestado, por lo cual hicimos una licitaci\u00f3n p\u00fablica y luego un concurso cerrado, que tambi\u00e9n lo llev\u00f3 adelante la provincia, pero las empresas volvieron a presentarse con los mismos valores<\/em>\u201d.<\/p>\n<p>En este sentido, el funcionario apunt\u00f3 contra el Ejecutivo nacional por no actualizar los presupuestos. \u201c<em>El anuncio era muy lindo, pero pon\u00eda un presupuesto que es inviable para cuatro escuelas<\/em>\u201d, dijo.<\/p>\n<p>\u201c<em>Nosotros estamos pensando atender esta demanda de alguna manera con recursos de la provincia si es necesario. Lo que pasa es que esto va a llevar un tiempo y requiere una reingenier\u00eda financiera<\/em>\u201d, sostuvo.<\/p>\n<h2 id=\"h-que-pasa-en-el-resto-del-pais\" class=\"wp-block-heading\">Qu\u00e9 pasa en el resto del pa\u00eds<\/h2>\n<p>A nivel nacional no se termin\u00f3 ninguna de estas escuelas y solo 11 se est\u00e1n construyendo, de acuerdo a un pedido de acceso a la informaci\u00f3n p\u00fablica del noticiero\u00a0<em>Telenoche<\/em>.<\/p>\n<p>El programa que es ejecutado por provincias y municipios tiene retrasos en todo el pa\u00eds y solo una en el municipio bonaerense de\u00a0<strong>San Miguel\u00a0<\/strong>est\u00e1 por inaugurarse una.<\/p>\n<p>Un caso particular se dio en\u00a0<strong>Z\u00e1rate\u00a0<\/strong>donde, si bien se entregaron 96 millones, la escuela no fue construida. Seg\u00fan aleg\u00f3 la comuna, hubo un problema con la empresa constructora.<\/p>\n","protected":false},"excerpt":{"rendered":"<p>La DGE espera que Naci\u00f3n actualice el presupuesto oficial que qued\u00f3 desfasado por la inflaci\u00f3n para encarar una nueva licitaci\u00f3n. Solo &#8230;<\/p>\n","protected":false},"author":7,"featured_media":124901,"comment_status":"open","ping_status":"open","sticky":false,"template":"","format":"standard","meta":{"footnotes":""},"categories":[5,18],"tags":[],"class_list":["post-124900","post","type-post","status-publish","format-standard","has-post-thumbnail","hentry","category-actualidad","category-educacion"],"_links":{"self":[{"href":"https:\/\/vinasfm.com\/noticias\/wp-json\/wp\/v2\/posts\/124900","targetHints":{"allow":["GET"]}}],"collection":[{"href":"https:\/\/vinasfm.com\/noticias\/wp-json\/wp\/v2\/posts"}],"about":[{"href":"https:\/\/vinasfm.com\/noticias\/wp-json\/wp\/v2\/types\/post"}],"author":[{"embeddable":true,"href":"https:\/\/vinasfm.com\/noticias\/wp-json\/wp\/v2\/users\/7"}],"replies":[{"embeddable":true,"href":"https:\/\/vinasfm.com\/noticias\/wp-json\/wp\/v2\/comments?post=124900"}],"version-history":[{"count":2,"href":"https:\/\/vinasfm.com\/noticias\/wp-json\/wp\/v2\/posts\/124900\/revisions"}],"predecessor-version":[{"id":124938,"href":"https:\/\/vinasfm.com\/noticias\/wp-json\/wp\/v2\/posts\/124900\/revisions\/124938"}],"wp:featuredmedia":[{"embeddable":true,"href":"https:\/\/vinasfm.com\/noticias\/wp-json\/wp\/v2\/media\/124901"}],"wp:attachment":[{"href":"https:\/\/vinasfm.com\/noticias\/wp-json\/wp\/v2\/media?parent=124900"}],"wp:term":[{"taxonomy":"category","embeddable":true,"href":"https:\/\/vinasfm.com\/noticias\/wp-json\/wp\/v2\/categories?post=124900"},{"taxonomy":"post_tag","embeddable":true,"href":"https:\/\/vinasfm.com\/noticias\/wp-json\/wp\/v2\/tags?post=124900"}],"curies":[{"name":"wp","href":"https:\/\/api.w.org\/{rel}","templated":true}]}}