{"id":124878,"date":"2023-07-27T08:56:42","date_gmt":"2023-07-27T11:56:42","guid":{"rendered":"https:\/\/vinasfm.com\/noticias\/?p=124878"},"modified":"2023-07-28T08:25:43","modified_gmt":"2023-07-28T11:25:43","slug":"mirian-epelua-de-argentina-recicla-visito-la-planta-de-residuos-solidos-urbanos-de-general-alvear","status":"publish","type":"post","link":"https:\/\/vinasfm.com\/noticias\/mirian-epelua-de-argentina-recicla-visito-la-planta-de-residuos-solidos-urbanos-de-general-alvear\/","title":{"rendered":"MIRIAN EPELUA DE \u201cARGENTINA RECICLA\u201d VISIT\u00d3 LA PLANTA DE RESIDUOS S\u00d3LIDOS URBANOS DE GENERAL ALVEAR"},"content":{"rendered":"<p><strong>El Director de Gesti\u00f3n Ambiental Denis Rabanal junto a referentes de la Secretar\u00eda de Econom\u00eda Social de la Naci\u00f3n dieron detalles de la visita<\/strong>.<\/p>\n<p><strong><em>\u201cTenemos como objetivo empezar a trabajar m\u00e1s fuerte con los residuos inorg\u00e1nicos que llegan a la Planta de RSU\u201d,<\/em><\/strong> expres\u00f3 Rabanal y se\u00f1al\u00f3 que est\u00e1n llevando a cabo nuevos programas <strong><em>\u201cuno con el objetivo de que cada vez sean menos los residuos org\u00e1nicos que llegan a la planta y as\u00ed mejorar las condiciones laborales de la Cooperativa y otro con mejorar las condiciones laborales de los recuperadores urbanos\u201d.<\/em><\/strong> Ambos programas tienen una relaci\u00f3n directa ya que de mejorar las condiciones en las que trabajan los recolectores se asegura un mejor trabajo dentro de la planta.<\/p>\n<p><a href=\"https:\/\/vinasfm.com\/noticias\/wp-content\/uploads\/2023\/07\/WhatsApp-Image-2023-07-27-at-08.34.22-1.jpeg\"><img loading=\"lazy\" decoding=\"async\" class=\"alignnone wp-image-124883\" src=\"https:\/\/vinasfm.com\/noticias\/wp-content\/uploads\/2023\/07\/WhatsApp-Image-2023-07-27-at-08.34.22-1.jpeg\" alt=\"\" width=\"350\" height=\"197\" srcset=\"https:\/\/vinasfm.com\/noticias\/wp-content\/uploads\/2023\/07\/WhatsApp-Image-2023-07-27-at-08.34.22-1.jpeg 1600w, https:\/\/vinasfm.com\/noticias\/wp-content\/uploads\/2023\/07\/WhatsApp-Image-2023-07-27-at-08.34.22-1-300x169.jpeg 300w, https:\/\/vinasfm.com\/noticias\/wp-content\/uploads\/2023\/07\/WhatsApp-Image-2023-07-27-at-08.34.22-1-1024x576.jpeg 1024w, https:\/\/vinasfm.com\/noticias\/wp-content\/uploads\/2023\/07\/WhatsApp-Image-2023-07-27-at-08.34.22-1-768x432.jpeg 768w, https:\/\/vinasfm.com\/noticias\/wp-content\/uploads\/2023\/07\/WhatsApp-Image-2023-07-27-at-08.34.22-1-1536x864.jpeg 1536w, https:\/\/vinasfm.com\/noticias\/wp-content\/uploads\/2023\/07\/WhatsApp-Image-2023-07-27-at-08.34.22-1-750x420.jpeg 750w, https:\/\/vinasfm.com\/noticias\/wp-content\/uploads\/2023\/07\/WhatsApp-Image-2023-07-27-at-08.34.22-1-1140x641.jpeg 1140w\" sizes=\"auto, (max-width: 350px) 100vw, 350px\" \/><\/a> <a href=\"https:\/\/vinasfm.com\/noticias\/wp-content\/uploads\/2023\/07\/WhatsApp-Image-2023-07-27-at-08.34.22.jpeg\"><img loading=\"lazy\" decoding=\"async\" class=\"alignnone wp-image-124884\" src=\"https:\/\/vinasfm.com\/noticias\/wp-content\/uploads\/2023\/07\/WhatsApp-Image-2023-07-27-at-08.34.22.jpeg\" alt=\"\" width=\"350\" height=\"197\" srcset=\"https:\/\/vinasfm.com\/noticias\/wp-content\/uploads\/2023\/07\/WhatsApp-Image-2023-07-27-at-08.34.22.jpeg 1600w, https:\/\/vinasfm.com\/noticias\/wp-content\/uploads\/2023\/07\/WhatsApp-Image-2023-07-27-at-08.34.22-300x169.jpeg 300w, https:\/\/vinasfm.com\/noticias\/wp-content\/uploads\/2023\/07\/WhatsApp-Image-2023-07-27-at-08.34.22-1024x576.jpeg 1024w, https:\/\/vinasfm.com\/noticias\/wp-content\/uploads\/2023\/07\/WhatsApp-Image-2023-07-27-at-08.34.22-768x432.jpeg 768w, https:\/\/vinasfm.com\/noticias\/wp-content\/uploads\/2023\/07\/WhatsApp-Image-2023-07-27-at-08.34.22-1536x864.jpeg 1536w, https:\/\/vinasfm.com\/noticias\/wp-content\/uploads\/2023\/07\/WhatsApp-Image-2023-07-27-at-08.34.22-750x420.jpeg 750w, https:\/\/vinasfm.com\/noticias\/wp-content\/uploads\/2023\/07\/WhatsApp-Image-2023-07-27-at-08.34.22-1140x641.jpeg 1140w\" sizes=\"auto, (max-width: 350px) 100vw, 350px\" \/><\/a><\/p>\n<p>Por su parte Mirian Epelua, Tecnica territorial del Programa Argentina Recicla, explic\u00f3 de qu\u00e9 se trata el programa Argentina Recicla. <strong><em>\u201cEs un programa a cargo del Ministerio de Desarrollo Social de Naci\u00f3n y tiene como objetivo principal mejorar las condiciones laborales de los recuperadores urbanos en todo el pa\u00eds. Buscamos la cogesti\u00f3n entre los Municipios y las Cooperativas de Reciclado\u201d. <\/em><\/strong><\/p>\n<p>Epelua se\u00f1al\u00f3 que es la primera visita que realizan a General Alvear con el fin de <strong><em>\u201cconocer a los trabajadores de la Cooperativa y los recuperados, la idea es contribuir a la mejora del trabajo y su normalizaci\u00f3n\u201d.<\/em><\/strong><\/p>\n<p><a href=\"https:\/\/vinasfm.com\/noticias\/wp-content\/uploads\/2023\/07\/WhatsApp-Image-2023-07-27-at-08.34.23.jpeg\"><img loading=\"lazy\" decoding=\"async\" class=\"alignnone wp-image-124885\" src=\"https:\/\/vinasfm.com\/noticias\/wp-content\/uploads\/2023\/07\/WhatsApp-Image-2023-07-27-at-08.34.23.jpeg\" alt=\"\" width=\"350\" height=\"197\" srcset=\"https:\/\/vinasfm.com\/noticias\/wp-content\/uploads\/2023\/07\/WhatsApp-Image-2023-07-27-at-08.34.23.jpeg 1600w, https:\/\/vinasfm.com\/noticias\/wp-content\/uploads\/2023\/07\/WhatsApp-Image-2023-07-27-at-08.34.23-300x169.jpeg 300w, https:\/\/vinasfm.com\/noticias\/wp-content\/uploads\/2023\/07\/WhatsApp-Image-2023-07-27-at-08.34.23-1024x576.jpeg 1024w, https:\/\/vinasfm.com\/noticias\/wp-content\/uploads\/2023\/07\/WhatsApp-Image-2023-07-27-at-08.34.23-768x432.jpeg 768w, https:\/\/vinasfm.com\/noticias\/wp-content\/uploads\/2023\/07\/WhatsApp-Image-2023-07-27-at-08.34.23-1536x864.jpeg 1536w, https:\/\/vinasfm.com\/noticias\/wp-content\/uploads\/2023\/07\/WhatsApp-Image-2023-07-27-at-08.34.23-750x420.jpeg 750w, https:\/\/vinasfm.com\/noticias\/wp-content\/uploads\/2023\/07\/WhatsApp-Image-2023-07-27-at-08.34.23-1140x641.jpeg 1140w\" sizes=\"auto, (max-width: 350px) 100vw, 350px\" \/><\/a> <a href=\"https:\/\/vinasfm.com\/noticias\/wp-content\/uploads\/2023\/07\/WhatsApp-Image-2023-07-27-at-08.34.24.jpeg\"><img loading=\"lazy\" decoding=\"async\" class=\"alignnone wp-image-124886\" src=\"https:\/\/vinasfm.com\/noticias\/wp-content\/uploads\/2023\/07\/WhatsApp-Image-2023-07-27-at-08.34.24.jpeg\" alt=\"\" width=\"350\" height=\"197\" srcset=\"https:\/\/vinasfm.com\/noticias\/wp-content\/uploads\/2023\/07\/WhatsApp-Image-2023-07-27-at-08.34.24.jpeg 1600w, https:\/\/vinasfm.com\/noticias\/wp-content\/uploads\/2023\/07\/WhatsApp-Image-2023-07-27-at-08.34.24-300x169.jpeg 300w, https:\/\/vinasfm.com\/noticias\/wp-content\/uploads\/2023\/07\/WhatsApp-Image-2023-07-27-at-08.34.24-1024x576.jpeg 1024w, https:\/\/vinasfm.com\/noticias\/wp-content\/uploads\/2023\/07\/WhatsApp-Image-2023-07-27-at-08.34.24-768x432.jpeg 768w, https:\/\/vinasfm.com\/noticias\/wp-content\/uploads\/2023\/07\/WhatsApp-Image-2023-07-27-at-08.34.24-1536x864.jpeg 1536w, https:\/\/vinasfm.com\/noticias\/wp-content\/uploads\/2023\/07\/WhatsApp-Image-2023-07-27-at-08.34.24-750x420.jpeg 750w, https:\/\/vinasfm.com\/noticias\/wp-content\/uploads\/2023\/07\/WhatsApp-Image-2023-07-27-at-08.34.24-1140x641.jpeg 1140w\" sizes=\"auto, (max-width: 350px) 100vw, 350px\" \/><\/a><\/p>\n","protected":false},"excerpt":{"rendered":"<p>El Director de Gesti\u00f3n Ambiental Denis Rabanal junto a referentes de la Secretar\u00eda de Econom\u00eda Social de la Naci\u00f3n dieron detalles &#8230;<\/p>\n","protected":false},"author":7,"featured_media":124882,"comment_status":"open","ping_status":"open","sticky":false,"template":"","format":"standard","meta":{"footnotes":""},"categories":[5,10],"tags":[],"class_list":["post-124878","post","type-post","status-publish","format-standard","has-post-thumbnail","hentry","category-actualidad","category-destacadas"],"_links":{"self":[{"href":"https:\/\/vinasfm.com\/noticias\/wp-json\/wp\/v2\/posts\/124878","targetHints":{"allow":["GET"]}}],"collection":[{"href":"https:\/\/vinasfm.com\/noticias\/wp-json\/wp\/v2\/posts"}],"about":[{"href":"https:\/\/vinasfm.com\/noticias\/wp-json\/wp\/v2\/types\/post"}],"author":[{"embeddable":true,"href":"https:\/\/vinasfm.com\/noticias\/wp-json\/wp\/v2\/users\/7"}],"replies":[{"embeddable":true,"href":"https:\/\/vinasfm.com\/noticias\/wp-json\/wp\/v2\/comments?post=124878"}],"version-history":[{"count":2,"href":"https:\/\/vinasfm.com\/noticias\/wp-json\/wp\/v2\/posts\/124878\/revisions"}],"predecessor-version":[{"id":124899,"href":"https:\/\/vinasfm.com\/noticias\/wp-json\/wp\/v2\/posts\/124878\/revisions\/124899"}],"wp:featuredmedia":[{"embeddable":true,"href":"https:\/\/vinasfm.com\/noticias\/wp-json\/wp\/v2\/media\/124882"}],"wp:attachment":[{"href":"https:\/\/vinasfm.com\/noticias\/wp-json\/wp\/v2\/media?parent=124878"}],"wp:term":[{"taxonomy":"category","embeddable":true,"href":"https:\/\/vinasfm.com\/noticias\/wp-json\/wp\/v2\/categories?post=124878"},{"taxonomy":"post_tag","embeddable":true,"href":"https:\/\/vinasfm.com\/noticias\/wp-json\/wp\/v2\/tags?post=124878"}],"curies":[{"name":"wp","href":"https:\/\/api.w.org\/{rel}","templated":true}]}}