{"id":124875,"date":"2023-07-27T08:32:54","date_gmt":"2023-07-27T11:32:54","guid":{"rendered":"https:\/\/vinasfm.com\/noticias\/?p=124875"},"modified":"2023-07-27T11:30:02","modified_gmt":"2023-07-27T14:30:02","slug":"en-san-rafael-un-nino-de-8-anos-cayo-de-un-caballo-y-debio-ser-hospitalizado","status":"publish","type":"post","link":"https:\/\/vinasfm.com\/noticias\/en-san-rafael-un-nino-de-8-anos-cayo-de-un-caballo-y-debio-ser-hospitalizado\/","title":{"rendered":"EN SAN RAFAEL UN NI\u00d1O DE 8 A\u00d1OS CAY\u00d3 DE UN CABALLO Y DEBI\u00d3 SER HOSPITALIZADO"},"content":{"rendered":"<p><strong>El hecho sucedi\u00f3 este mi\u00e9rcoles por la tarde, cerca de las 17:00 horas.<\/strong><\/p>\n<p>Se tom\u00f3 conocimiento de que en <strong>Calle \u201cEl Monte\u201d de Cuadro Nacional <\/strong>(San Rafael), <strong>un menor de<\/strong> <strong>8 a\u00f1os de edad se desplazaba en un equino<\/strong> cuando de repente este <strong>se para en dos patas y provoca la ca\u00edda del peque\u00f1o. <\/strong><\/p>\n<p>El mismo fue traslado al hospital de ese departamento donde le diagnosticaron <strong>traumatismo enc\u00e9falo craneano\u00a0 y qued\u00f3 internado en Unidad Terapia Intensiva pedi\u00e1trica<\/strong><\/p>\n","protected":false},"excerpt":{"rendered":"<p>El hecho sucedi\u00f3 este mi\u00e9rcoles por la tarde, cerca de las 17:00 horas. Se tom\u00f3 conocimiento de que en Calle \u201cEl &#8230;<\/p>\n","protected":false},"author":7,"featured_media":124876,"comment_status":"open","ping_status":"open","sticky":false,"template":"","format":"standard","meta":{"footnotes":""},"categories":[5,10],"tags":[],"class_list":["post-124875","post","type-post","status-publish","format-standard","has-post-thumbnail","hentry","category-actualidad","category-destacadas"],"_links":{"self":[{"href":"https:\/\/vinasfm.com\/noticias\/wp-json\/wp\/v2\/posts\/124875","targetHints":{"allow":["GET"]}}],"collection":[{"href":"https:\/\/vinasfm.com\/noticias\/wp-json\/wp\/v2\/posts"}],"about":[{"href":"https:\/\/vinasfm.com\/noticias\/wp-json\/wp\/v2\/types\/post"}],"author":[{"embeddable":true,"href":"https:\/\/vinasfm.com\/noticias\/wp-json\/wp\/v2\/users\/7"}],"replies":[{"embeddable":true,"href":"https:\/\/vinasfm.com\/noticias\/wp-json\/wp\/v2\/comments?post=124875"}],"version-history":[{"count":1,"href":"https:\/\/vinasfm.com\/noticias\/wp-json\/wp\/v2\/posts\/124875\/revisions"}],"predecessor-version":[{"id":124877,"href":"https:\/\/vinasfm.com\/noticias\/wp-json\/wp\/v2\/posts\/124875\/revisions\/124877"}],"wp:featuredmedia":[{"embeddable":true,"href":"https:\/\/vinasfm.com\/noticias\/wp-json\/wp\/v2\/media\/124876"}],"wp:attachment":[{"href":"https:\/\/vinasfm.com\/noticias\/wp-json\/wp\/v2\/media?parent=124875"}],"wp:term":[{"taxonomy":"category","embeddable":true,"href":"https:\/\/vinasfm.com\/noticias\/wp-json\/wp\/v2\/categories?post=124875"},{"taxonomy":"post_tag","embeddable":true,"href":"https:\/\/vinasfm.com\/noticias\/wp-json\/wp\/v2\/tags?post=124875"}],"curies":[{"name":"wp","href":"https:\/\/api.w.org\/{rel}","templated":true}]}}