{"id":124863,"date":"2023-07-26T10:15:30","date_gmt":"2023-07-26T13:15:30","guid":{"rendered":"https:\/\/vinasfm.com\/noticias\/?p=124863"},"modified":"2023-07-27T10:16:57","modified_gmt":"2023-07-27T13:16:57","slug":"el-gobierno-convoco-al-sute-para-presentarle-una-nueva-propuesta-y-frenar-el-paro","status":"publish","type":"post","link":"https:\/\/vinasfm.com\/noticias\/el-gobierno-convoco-al-sute-para-presentarle-una-nueva-propuesta-y-frenar-el-paro\/","title":{"rendered":"EL GOBIERNO CONVOC\u00d3 AL SUTE PARA PRESENTARLE UNA NUEVA PROPUESTA Y FRENAR EL PARO"},"content":{"rendered":"<p><strong>Contemplar\u00eda mejoras en la antig\u00fcedad y en las responsabilidades del cargo.<\/strong><\/p>\n<p>El\u00a0<strong>Gobierno provincial <\/strong>anunci\u00f3 este mi\u00e9rcoles una \u201cinminente\u201d reuni\u00f3n con el\u00a0<strong>Sindicato Unido de Trabajadores de la Educaci\u00f3n\u00a0<\/strong>(<strong>SUTE<\/strong>) para presentarles una nueva propuesta salarial, a 48 horas que se realice un plenario departamental para definir un posible paro de actividades para la semana pr\u00f3xima.<\/p>\n<p>La reuni\u00f3n se llevar\u00eda a cabo en la Subsecretar\u00eda de Trabajo, y por el momento, no cuenta con un horario definido.<\/p>\n<p><em><strong>\u201cLuego de intensos d\u00edas de trabajo durante el fin de semana y el feriado, el Gobierno ha delineado una nueva propuesta salarial para el sector docente\u201c<\/strong><\/em>, se\u00f1ala un fragmento del comunicado.<\/p>\n<p>La nueva oferta incluir\u00eda una revalorizaci\u00f3n de la carrera docente en la provincia y mejoras en los \u00edtems de antig\u00fcedad y en la responsabilidad de los cargos. Por otra parte, en la propuesta se incluir\u00edan novedades no solo para los docentes, sino tambi\u00e9n afectar\u00eda a los celadores.<\/p>\n<p>Por lo pronto se sabe que el SUTE convoc\u00f3 a plenarios departamentales para este viernes, y uno provincial para el s\u00e1bado, en el cual se iban a analizar medidas de fuerza en caso de no tener una nueva propuesta salarial.<\/p>\n<p>Desde el gremio, aseguraron que la voluntad de los docentes era realizar un paro de actividades de 96 horas para los d\u00edas 1,2,3 y 4 de agosto.<\/p>\n<p><em><strong>\u201cQued\u00f3 demostrado en el \u00faltimo plenario que las escuelas tienen la voluntad de realizar un paro como medida de fuerza. Esta idea es de los docentes de los 18 municipios de la provincia\u201d<\/strong><\/em>, hab\u00eda se\u00f1alado Carina Sedano, titular del sindicato este martes.<\/p>\n<p>La propuesta del Gobierno que el SUTE hab\u00eda rechazado inclu\u00eda el siguiente esquema de incrementos:<\/p>\n<ul>\n<li>Junio: 10,5 %<\/li>\n<li>Julio: 8%<\/li>\n<li>Agosto: 14%<\/li>\n<li>Septiembre: 8%<\/li>\n<li>Octubre: 8%<\/li>\n<\/ul>\n<p>El gremio docente era el \u00fanico que no hab\u00eda acordado en la mesa paritaria con la provincia. Con esta nueva oferta, el Ejecutivo buscar\u00e1 frenar una importante medida de fuerza en el comienzo del segundo semestre, y a escasos d\u00edas de las elecciones primarias nacionales.<\/p>\n","protected":false},"excerpt":{"rendered":"<p>Contemplar\u00eda mejoras en la antig\u00fcedad y en las responsabilidades del cargo. El\u00a0Gobierno provincial anunci\u00f3 este mi\u00e9rcoles una \u201cinminente\u201d reuni\u00f3n con el\u00a0Sindicato &#8230;<\/p>\n","protected":false},"author":7,"featured_media":124864,"comment_status":"open","ping_status":"open","sticky":false,"template":"","format":"standard","meta":{"footnotes":""},"categories":[1],"tags":[],"class_list":["post-124863","post","type-post","status-publish","format-standard","has-post-thumbnail","hentry","category-fmvinas"],"_links":{"self":[{"href":"https:\/\/vinasfm.com\/noticias\/wp-json\/wp\/v2\/posts\/124863","targetHints":{"allow":["GET"]}}],"collection":[{"href":"https:\/\/vinasfm.com\/noticias\/wp-json\/wp\/v2\/posts"}],"about":[{"href":"https:\/\/vinasfm.com\/noticias\/wp-json\/wp\/v2\/types\/post"}],"author":[{"embeddable":true,"href":"https:\/\/vinasfm.com\/noticias\/wp-json\/wp\/v2\/users\/7"}],"replies":[{"embeddable":true,"href":"https:\/\/vinasfm.com\/noticias\/wp-json\/wp\/v2\/comments?post=124863"}],"version-history":[{"count":4,"href":"https:\/\/vinasfm.com\/noticias\/wp-json\/wp\/v2\/posts\/124863\/revisions"}],"predecessor-version":[{"id":124898,"href":"https:\/\/vinasfm.com\/noticias\/wp-json\/wp\/v2\/posts\/124863\/revisions\/124898"}],"wp:featuredmedia":[{"embeddable":true,"href":"https:\/\/vinasfm.com\/noticias\/wp-json\/wp\/v2\/media\/124864"}],"wp:attachment":[{"href":"https:\/\/vinasfm.com\/noticias\/wp-json\/wp\/v2\/media?parent=124863"}],"wp:term":[{"taxonomy":"category","embeddable":true,"href":"https:\/\/vinasfm.com\/noticias\/wp-json\/wp\/v2\/categories?post=124863"},{"taxonomy":"post_tag","embeddable":true,"href":"https:\/\/vinasfm.com\/noticias\/wp-json\/wp\/v2\/tags?post=124863"}],"curies":[{"name":"wp","href":"https:\/\/api.w.org\/{rel}","templated":true}]}}