{"id":124859,"date":"2023-07-26T09:56:44","date_gmt":"2023-07-26T12:56:44","guid":{"rendered":"https:\/\/vinasfm.com\/noticias\/?p=124859"},"modified":"2023-07-27T10:34:20","modified_gmt":"2023-07-27T13:34:20","slug":"volvio-a-sentirse-un-temblor-en-mendoza-hubo-5-sismos-este-martes","status":"publish","type":"post","link":"https:\/\/vinasfm.com\/noticias\/volvio-a-sentirse-un-temblor-en-mendoza-hubo-5-sismos-este-martes\/","title":{"rendered":"VOLVI\u00d3 A SENTIRSE UN TEMBLOR EN MENDOZA: HUBO 5 SISMOS ESTE MARTES"},"content":{"rendered":"<p><strong>Un sismo se percibi\u00f3 a las 20.55 de este martes. Es el quinto movimiento que se registra en la jornada, marcada por el feriado del Santo Patrono Santiago.<\/strong><\/p>\n<p>El Inpres inform\u00f3 que el temblor tuvo una magnitud de 2.7 grados en escala Richter y una profundidad de 10 kil\u00f3metros.<\/p>\n<aside class=\"scaip scaip-1 \"><\/aside>\n<p>El epicentro se ubic\u00f3 a 14 kil\u00f3metros al sudoeste de Mendoza y a 23 kil\u00f3metros al norte de Ugarteche.<\/p>\n<aside class=\"scaip scaip-2 \"><\/aside>\n<figure class=\"wp-block-image size-full\"><img loading=\"lazy\" decoding=\"async\" class=\"wp-image-1854151 jetpack-lazy-image jetpack-lazy-image--handled\" src=\"https:\/\/i0.wp.com\/newspack-elsol.s3.amazonaws.com\/wp-content\/uploads\/2023\/07\/Temblor-1.jpg?resize=625%2C909&amp;ssl=1\" sizes=\"auto, (max-width: 625px) 100vw, 625px\" srcset=\"https:\/\/i0.wp.com\/newspack-elsol.s3.amazonaws.com\/wp-content\/uploads\/2023\/07\/Temblor-1.jpg?w=625&amp;ssl=1 625w, https:\/\/i0.wp.com\/newspack-elsol.s3.amazonaws.com\/wp-content\/uploads\/2023\/07\/Temblor-1.jpg?resize=206%2C300&amp;ssl=1 206w, https:\/\/i0.wp.com\/newspack-elsol.s3.amazonaws.com\/wp-content\/uploads\/2023\/07\/Temblor-1.jpg?resize=400%2C582&amp;ssl=1 400w, https:\/\/i0.wp.com\/newspack-elsol.s3.amazonaws.com\/wp-content\/uploads\/2023\/07\/Temblor-1.jpg?w=370&amp;ssl=1 370w\" alt=\"\" width=\"625\" height=\"909\" data-recalc-dims=\"1\" data-lazy-loaded=\"1\" \/><\/figure>\n<h2 id=\"h-los-otros-cuatro-temblores\" class=\"wp-block-heading\">Los otros cuatro temblores<\/h2>\n<p>En un d\u00eda marcado por la tradici\u00f3n -que determina que no hay que trabajar en el patrono de Mendoza porque si no tiembla- hubo otros cuatro movimientos.<\/p>\n<aside class=\"scaip scaip-3 \"><\/aside>\n<p>El primero ocurri\u00f3 a las 6.42, con una profundidad de 124 kil\u00f3metros, una magnitud de 3.3 grados y un epicentro a 60 kil\u00f3metros al norte de Mendoza.<\/p>\n<p>El segundo lleg\u00f3 a las 11.59, con 2.7 de magnitud, 108 kil\u00f3metros de profundidad y epicentro a 92 kil\u00f3metros al norte de Mendoza.<\/p>\n<p>El tercero se dio a las 13.17, con una magnitud de 2.5 grados, una profundidad de 109 kil\u00f3metros y a 101 kil\u00f3metros al noroeste de Mendoza.<\/p>\n<p>El cuarto qued\u00f3 registrado a las 13.30, con una magnitud de 2.5 grados, una profundidad de 115 kil\u00f3metros y con epicentro a 14 kil\u00f3metros al noreste de Las Cuevas.<\/p>\n<p>&nbsp;<\/p>\n<section id=\"block-14\" class=\"below-content widget widget_block\">\n<div class=\"wp-block-newspack-blocks-homepage-articles wpnbha is-grid columns-3 colgap-3 show-image image-aligntop ts-3 is-3 is-landscape show-category has-text-align-left\">\n<div data-posts=\"\" data-current-post-id=\"1854147\"><\/div>\n<\/div>\n<\/section>\n","protected":false},"excerpt":{"rendered":"<p>Un sismo se percibi\u00f3 a las 20.55 de este martes. Es el quinto movimiento que se registra en la jornada, marcada &#8230;<\/p>\n","protected":false},"author":7,"featured_media":124861,"comment_status":"open","ping_status":"open","sticky":false,"template":"","format":"standard","meta":{"footnotes":""},"categories":[5,10],"tags":[],"class_list":["post-124859","post","type-post","status-publish","format-standard","has-post-thumbnail","hentry","category-actualidad","category-destacadas"],"_links":{"self":[{"href":"https:\/\/vinasfm.com\/noticias\/wp-json\/wp\/v2\/posts\/124859","targetHints":{"allow":["GET"]}}],"collection":[{"href":"https:\/\/vinasfm.com\/noticias\/wp-json\/wp\/v2\/posts"}],"about":[{"href":"https:\/\/vinasfm.com\/noticias\/wp-json\/wp\/v2\/types\/post"}],"author":[{"embeddable":true,"href":"https:\/\/vinasfm.com\/noticias\/wp-json\/wp\/v2\/users\/7"}],"replies":[{"embeddable":true,"href":"https:\/\/vinasfm.com\/noticias\/wp-json\/wp\/v2\/comments?post=124859"}],"version-history":[{"count":1,"href":"https:\/\/vinasfm.com\/noticias\/wp-json\/wp\/v2\/posts\/124859\/revisions"}],"predecessor-version":[{"id":124862,"href":"https:\/\/vinasfm.com\/noticias\/wp-json\/wp\/v2\/posts\/124859\/revisions\/124862"}],"wp:featuredmedia":[{"embeddable":true,"href":"https:\/\/vinasfm.com\/noticias\/wp-json\/wp\/v2\/media\/124861"}],"wp:attachment":[{"href":"https:\/\/vinasfm.com\/noticias\/wp-json\/wp\/v2\/media?parent=124859"}],"wp:term":[{"taxonomy":"category","embeddable":true,"href":"https:\/\/vinasfm.com\/noticias\/wp-json\/wp\/v2\/categories?post=124859"},{"taxonomy":"post_tag","embeddable":true,"href":"https:\/\/vinasfm.com\/noticias\/wp-json\/wp\/v2\/tags?post=124859"}],"curies":[{"name":"wp","href":"https:\/\/api.w.org\/{rel}","templated":true}]}}