{"id":124856,"date":"2023-07-26T09:34:22","date_gmt":"2023-07-26T12:34:22","guid":{"rendered":"https:\/\/vinasfm.com\/noticias\/?p=124856"},"modified":"2023-07-27T09:24:05","modified_gmt":"2023-07-27T12:24:05","slug":"el-gobierno-destinara-750-millones-de-pesos-para-combatir-la-polilla-de-la-vid","status":"publish","type":"post","link":"https:\/\/vinasfm.com\/noticias\/el-gobierno-destinara-750-millones-de-pesos-para-combatir-la-polilla-de-la-vid\/","title":{"rendered":"EL GOBIERNO DESTINAR\u00c1 750 MILLONES DE PESOS PARA COMBATIR LA \u201cPOLILLA DE LA VID\u201d"},"content":{"rendered":"<p><strong>Fue a trav\u00e9s de la Resoluci\u00f3n 1540 publicada en el Bolet\u00edn Oficial.<\/strong><\/p>\n<p>El Gobierno de Mendoza confirm\u00f3 que transfiri\u00f3 un refuerzo de 750 millones de pesos al Fideicomiso de Administraci\u00f3n y Asistencia Financiera Vitivin\u00edcola de la provincia, con el objetivo de combatir la plaga de Lobesia Botrana, popularmente conocida como \u201cpolilla de la vid\u201d.<\/p>\n<p>La confirmaci\u00f3n se dio a trav\u00e9s de la resoluci\u00f3n 1540 publicada este mi\u00e9rcoles en el Bolet\u00edn Oficial.<\/p>\n<p>Seg\u00fan la resoluci\u00f3n, esta transferencia de dinero tiene entre otros objetivos <em><strong>\u201cbrindar<br \/>\nasistencia financiera a establecimientos elaboradores de vino y\/o mosto sulfitado y\/o<br \/>\nestablecimientos concentradores y\/o exportadores de este \u00faltimo producto, para la adquisici\u00f3n de uva, vino y\/o mosto sulfitado apersonas f\u00edsicas o jur\u00eddicas con emprendimientos radicados dentro del territorio de la Provincia de Mendoza\u201c.<\/strong><\/em><\/p>\n<aside class=\"scaip scaip-2 \"><\/aside>\n<p>Con esto se busca llevar a cabo acciones y contrataciones para sostener la estabilidad del stock v\u00ednico de la provincia, con una finalidad social, sin busca de obtener un redito econ\u00f3mico.<\/p>\n<aside class=\"scaip scaip-3 \"><\/aside>\n<p>Durante la \u00faltima temporada una de cada tres vi\u00f1as ten\u00eda afectaci\u00f3n por esta plaga.<\/p>\n<p><a href=\"https:\/\/vinasfm.com\/noticias\/wp-content\/uploads\/2023\/07\/pedido_214426_20072023.pdf\">pedido_214426_20072023<\/a><\/p>\n","protected":false},"excerpt":{"rendered":"<p>Fue a trav\u00e9s de la Resoluci\u00f3n 1540 publicada en el Bolet\u00edn Oficial. El Gobierno de Mendoza confirm\u00f3 que transfiri\u00f3 un refuerzo &#8230;<\/p>\n","protected":false},"author":7,"featured_media":102270,"comment_status":"open","ping_status":"open","sticky":false,"template":"","format":"standard","meta":{"footnotes":""},"categories":[5,14],"tags":[],"class_list":["post-124856","post","type-post","status-publish","format-standard","has-post-thumbnail","hentry","category-actualidad","category-agro"],"_links":{"self":[{"href":"https:\/\/vinasfm.com\/noticias\/wp-json\/wp\/v2\/posts\/124856","targetHints":{"allow":["GET"]}}],"collection":[{"href":"https:\/\/vinasfm.com\/noticias\/wp-json\/wp\/v2\/posts"}],"about":[{"href":"https:\/\/vinasfm.com\/noticias\/wp-json\/wp\/v2\/types\/post"}],"author":[{"embeddable":true,"href":"https:\/\/vinasfm.com\/noticias\/wp-json\/wp\/v2\/users\/7"}],"replies":[{"embeddable":true,"href":"https:\/\/vinasfm.com\/noticias\/wp-json\/wp\/v2\/comments?post=124856"}],"version-history":[{"count":1,"href":"https:\/\/vinasfm.com\/noticias\/wp-json\/wp\/v2\/posts\/124856\/revisions"}],"predecessor-version":[{"id":124858,"href":"https:\/\/vinasfm.com\/noticias\/wp-json\/wp\/v2\/posts\/124856\/revisions\/124858"}],"wp:featuredmedia":[{"embeddable":true,"href":"https:\/\/vinasfm.com\/noticias\/wp-json\/wp\/v2\/media\/102270"}],"wp:attachment":[{"href":"https:\/\/vinasfm.com\/noticias\/wp-json\/wp\/v2\/media?parent=124856"}],"wp:term":[{"taxonomy":"category","embeddable":true,"href":"https:\/\/vinasfm.com\/noticias\/wp-json\/wp\/v2\/categories?post=124856"},{"taxonomy":"post_tag","embeddable":true,"href":"https:\/\/vinasfm.com\/noticias\/wp-json\/wp\/v2\/tags?post=124856"}],"curies":[{"name":"wp","href":"https:\/\/api.w.org\/{rel}","templated":true}]}}