{"id":124818,"date":"2023-07-25T08:00:32","date_gmt":"2023-07-25T11:00:32","guid":{"rendered":"https:\/\/vinasfm.com\/noticias\/?p=124818"},"modified":"2023-07-25T12:10:13","modified_gmt":"2023-07-25T15:10:13","slug":"se-realizo-la-asamblea-anual-ordinaria-del-consorcio-ferroviario-union-pacifico","status":"publish","type":"post","link":"https:\/\/vinasfm.com\/noticias\/se-realizo-la-asamblea-anual-ordinaria-del-consorcio-ferroviario-union-pacifico\/","title":{"rendered":"SE REALIZ\u00d3 LA ASAMBLEA ANUAL ORDINARIA DEL CONSORCIO FERROVIARIO UNI\u00d3N PAC\u00cdFICO"},"content":{"rendered":"<p><span style=\"color: #000000;\"><strong>Del encuentro participaron el Sr. Intendente Walther Marcolini, la Sra. Intendenta de Realic\u00f3 Viviana Bongiovanni, el Presidente del Instituto Argentino de Ferrocarriles Pablo Mortelli y dem\u00e1s funcionarios. <\/strong><\/span><\/p>\n<p><span style=\"color: #000000;\">Marcolini, quien es Presidente del Consorcio indic\u00f3 que adem\u00e1s de realizar un balance <strong><em>\u201cse analiz\u00f3 la situaci\u00f3n actual del expediente que hoy se encuentra en la Subsecretar\u00eda de Gast\u00f3n Jaques, Secretario de Planificaci\u00f3n de Transporte\u201d.<\/em><\/strong> Adem\u00e1s defini\u00f3 al proceso electoral como un impasse ya que <strong><em>\u201chabr\u00e1n cambios de intendentes que conforman el Consorcio\u201d. \u00a0<\/em><\/strong><\/span><\/p>\n<p><span style=\"color: #000000;\">Por su parte, Viviana Bongiovanni, Vicepresidenta del Consorcio expres\u00f3 que <strong><em>\u201cRealic\u00f3 tiene muchas expectativas ya que se ha logrado recuperar la estaci\u00f3n de trenes\u201d<\/em><\/strong> y agreg\u00f3 <strong><em>\u201ceste proyecto es estrat\u00e9gico a largo plazo y une a muchas provincias con \u00a0un objetivo muy claro\u201d.<\/em><\/strong> As\u00ed mismo subray\u00f3 que si bien este a\u00f1o dejar\u00e1 de ser la Intendenta de Realic\u00f3, siempre apoyar\u00e1 el proyecto.<\/span><\/p>\n<p><span style=\"color: #000000;\">En cuanto a la situaci\u00f3n actual del proyecto, Pablo Mortelli se\u00f1al\u00f3 que se est\u00e1 <strong><em>\u201ca la espera de que sea aprobado, todos los informes que se han hecho a lo largo del tiempo son muy favorables y no ejercen ning\u00fan tipo de presi\u00f3n\u201d.<\/em><\/strong>Mortelli coincidi\u00f3 con Marcolini y remarc\u00f3 que<strong><em> \u201cel proceso electoral podr\u00eda traer demoras en el proyecto\u201d. \u00a0<\/em><\/strong><\/span><\/p>\n","protected":false},"excerpt":{"rendered":"<p>Del encuentro participaron el Sr. Intendente Walther Marcolini, la Sra. Intendenta de Realic\u00f3 Viviana Bongiovanni, el Presidente del Instituto Argentino de &#8230;<\/p>\n","protected":false},"author":7,"featured_media":124821,"comment_status":"open","ping_status":"open","sticky":false,"template":"","format":"standard","meta":{"footnotes":""},"categories":[5,66],"tags":[],"class_list":["post-124818","post","type-post","status-publish","format-standard","has-post-thumbnail","hentry","category-actualidad","category-transporte"],"_links":{"self":[{"href":"https:\/\/vinasfm.com\/noticias\/wp-json\/wp\/v2\/posts\/124818","targetHints":{"allow":["GET"]}}],"collection":[{"href":"https:\/\/vinasfm.com\/noticias\/wp-json\/wp\/v2\/posts"}],"about":[{"href":"https:\/\/vinasfm.com\/noticias\/wp-json\/wp\/v2\/types\/post"}],"author":[{"embeddable":true,"href":"https:\/\/vinasfm.com\/noticias\/wp-json\/wp\/v2\/users\/7"}],"replies":[{"embeddable":true,"href":"https:\/\/vinasfm.com\/noticias\/wp-json\/wp\/v2\/comments?post=124818"}],"version-history":[{"count":3,"href":"https:\/\/vinasfm.com\/noticias\/wp-json\/wp\/v2\/posts\/124818\/revisions"}],"predecessor-version":[{"id":124843,"href":"https:\/\/vinasfm.com\/noticias\/wp-json\/wp\/v2\/posts\/124818\/revisions\/124843"}],"wp:featuredmedia":[{"embeddable":true,"href":"https:\/\/vinasfm.com\/noticias\/wp-json\/wp\/v2\/media\/124821"}],"wp:attachment":[{"href":"https:\/\/vinasfm.com\/noticias\/wp-json\/wp\/v2\/media?parent=124818"}],"wp:term":[{"taxonomy":"category","embeddable":true,"href":"https:\/\/vinasfm.com\/noticias\/wp-json\/wp\/v2\/categories?post=124818"},{"taxonomy":"post_tag","embeddable":true,"href":"https:\/\/vinasfm.com\/noticias\/wp-json\/wp\/v2\/tags?post=124818"}],"curies":[{"name":"wp","href":"https:\/\/api.w.org\/{rel}","templated":true}]}}