{"id":124802,"date":"2023-07-25T08:09:35","date_gmt":"2023-07-25T11:09:35","guid":{"rendered":"https:\/\/vinasfm.com\/noticias\/?p=124802"},"modified":"2023-07-26T08:53:06","modified_gmt":"2023-07-26T11:53:06","slug":"gran-concurrencia-a-cada-propuesta-de-vacaciones-de-invierno","status":"publish","type":"post","link":"https:\/\/vinasfm.com\/noticias\/gran-concurrencia-a-cada-propuesta-de-vacaciones-de-invierno\/","title":{"rendered":"GRAN CONCURRENCIA A CADA PROPUESTA DE VACACIONES DE INVIERNO"},"content":{"rendered":"<p><strong>La Directora de Cultura Liana Piedrafita hizo un balance de las actividades realizadas para los ni\u00f1os durante el receso invernal.<\/strong><\/p>\n<p>El cronograma de eventos programados para las vacaciones de invierno ha tenido en cuenta los barrios y distritos alvearenses, para que todos los ni\u00f1os puedan disfrutar de cada una de las propuestas, subray\u00f3 la funcionaria.<\/p>\n<p><em><strong>\u201cDurante la primera semana de vacaciones hubo actividades recreativas y se present\u00f3 la obra de teatro Colorado color\u00edn, diversi\u00f3n sin fin en el Polideportivo Deportistas Alvearenses, en la plaza Manuel Belgrano de Alvear Oeste, en el Barrio Costa del Atuel. El domingo 16 de julio la plaza Carlos Mar\u00eda de Alvear estuvo colmada de familias que disfrutaron al mago Jorge Faro con Ilusionarte, donde adem\u00e1s hubo juegos, talleres de pintura y se hicieron presentes los artesanos\u201d.<\/strong><\/em><\/p>\n<p><a href=\"https:\/\/vinasfm.com\/noticias\/wp-content\/uploads\/2023\/07\/MG_5187.jpg\"><img loading=\"lazy\" decoding=\"async\" class=\"alignnone wp-image-124804\" src=\"https:\/\/vinasfm.com\/noticias\/wp-content\/uploads\/2023\/07\/MG_5187.jpg\" alt=\"\" width=\"350\" height=\"197\" srcset=\"https:\/\/vinasfm.com\/noticias\/wp-content\/uploads\/2023\/07\/MG_5187.jpg 1920w, https:\/\/vinasfm.com\/noticias\/wp-content\/uploads\/2023\/07\/MG_5187-300x169.jpg 300w, https:\/\/vinasfm.com\/noticias\/wp-content\/uploads\/2023\/07\/MG_5187-1024x576.jpg 1024w, https:\/\/vinasfm.com\/noticias\/wp-content\/uploads\/2023\/07\/MG_5187-768x432.jpg 768w, https:\/\/vinasfm.com\/noticias\/wp-content\/uploads\/2023\/07\/MG_5187-1536x864.jpg 1536w, https:\/\/vinasfm.com\/noticias\/wp-content\/uploads\/2023\/07\/MG_5187-750x420.jpg 750w, https:\/\/vinasfm.com\/noticias\/wp-content\/uploads\/2023\/07\/MG_5187-1140x641.jpg 1140w\" sizes=\"auto, (max-width: 350px) 100vw, 350px\" \/><\/a> <a href=\"https:\/\/vinasfm.com\/noticias\/wp-content\/uploads\/2023\/07\/MG_5218.jpg\"><img loading=\"lazy\" decoding=\"async\" class=\"alignnone wp-image-124805\" src=\"https:\/\/vinasfm.com\/noticias\/wp-content\/uploads\/2023\/07\/MG_5218.jpg\" alt=\"\" width=\"350\" height=\"197\" srcset=\"https:\/\/vinasfm.com\/noticias\/wp-content\/uploads\/2023\/07\/MG_5218.jpg 1920w, https:\/\/vinasfm.com\/noticias\/wp-content\/uploads\/2023\/07\/MG_5218-300x169.jpg 300w, https:\/\/vinasfm.com\/noticias\/wp-content\/uploads\/2023\/07\/MG_5218-1024x576.jpg 1024w, https:\/\/vinasfm.com\/noticias\/wp-content\/uploads\/2023\/07\/MG_5218-768x432.jpg 768w, https:\/\/vinasfm.com\/noticias\/wp-content\/uploads\/2023\/07\/MG_5218-1536x864.jpg 1536w, https:\/\/vinasfm.com\/noticias\/wp-content\/uploads\/2023\/07\/MG_5218-750x420.jpg 750w, https:\/\/vinasfm.com\/noticias\/wp-content\/uploads\/2023\/07\/MG_5218-1140x641.jpg 1140w\" sizes=\"auto, (max-width: 350px) 100vw, 350px\" \/><\/a><\/p>\n<p>Del lunes 17 al jueves 20 de julio, un destacado grupo de teatro y danza present\u00f3 el musical El Mundo de los Superh\u00e9roes en el Barrio San Carlos, Los Ranqueles, Zangrandi y Florio. Adem\u00e1s, hubo tres destacadas obras en el Teatro Antonio Lafalla.<\/p>\n<p>El elenco El Resorte de Mendoza present\u00f3 la obra de teatro Lo que el agua se llev\u00f3 en la plaza Ren\u00e9 Favaloro del Barrio Empleados de Comercio, el viernes 21, y en la Plaza San Mart\u00edn de Bowen, el s\u00e1bado 22 de julio.<strong><em> \u201cEl domingo 23 se hizo el cierre de las actividades de vacaciones de invierno en el Polideportivo Deportistas Alvearenses, con el musical El mundo de los Superh\u00e9roes y la obra Un d\u00eda de Sol, tambi\u00e9n hubo juegos recreativos y fue numerosa la concurrencia como a cada una de las propuestas, por lo que estamos muy contentos\u201d<\/em><\/strong>, concluy\u00f3 Liana Piedrafita.<\/p>\n<p><a href=\"https:\/\/vinasfm.com\/noticias\/wp-content\/uploads\/2023\/07\/MG_5199.jpg\"><img loading=\"lazy\" decoding=\"async\" class=\"alignnone wp-image-124806\" src=\"https:\/\/vinasfm.com\/noticias\/wp-content\/uploads\/2023\/07\/MG_5199.jpg\" alt=\"\" width=\"350\" height=\"197\" srcset=\"https:\/\/vinasfm.com\/noticias\/wp-content\/uploads\/2023\/07\/MG_5199.jpg 1920w, https:\/\/vinasfm.com\/noticias\/wp-content\/uploads\/2023\/07\/MG_5199-300x169.jpg 300w, https:\/\/vinasfm.com\/noticias\/wp-content\/uploads\/2023\/07\/MG_5199-1024x576.jpg 1024w, https:\/\/vinasfm.com\/noticias\/wp-content\/uploads\/2023\/07\/MG_5199-768x432.jpg 768w, https:\/\/vinasfm.com\/noticias\/wp-content\/uploads\/2023\/07\/MG_5199-1536x864.jpg 1536w, https:\/\/vinasfm.com\/noticias\/wp-content\/uploads\/2023\/07\/MG_5199-750x420.jpg 750w, https:\/\/vinasfm.com\/noticias\/wp-content\/uploads\/2023\/07\/MG_5199-1140x641.jpg 1140w\" sizes=\"auto, (max-width: 350px) 100vw, 350px\" \/><\/a> <a href=\"https:\/\/vinasfm.com\/noticias\/wp-content\/uploads\/2023\/07\/MG_5140.jpg\"><img loading=\"lazy\" decoding=\"async\" class=\"alignnone wp-image-124807\" src=\"https:\/\/vinasfm.com\/noticias\/wp-content\/uploads\/2023\/07\/MG_5140.jpg\" alt=\"\" width=\"350\" height=\"197\" srcset=\"https:\/\/vinasfm.com\/noticias\/wp-content\/uploads\/2023\/07\/MG_5140.jpg 1920w, https:\/\/vinasfm.com\/noticias\/wp-content\/uploads\/2023\/07\/MG_5140-300x169.jpg 300w, https:\/\/vinasfm.com\/noticias\/wp-content\/uploads\/2023\/07\/MG_5140-1024x576.jpg 1024w, https:\/\/vinasfm.com\/noticias\/wp-content\/uploads\/2023\/07\/MG_5140-768x432.jpg 768w, https:\/\/vinasfm.com\/noticias\/wp-content\/uploads\/2023\/07\/MG_5140-1536x864.jpg 1536w, https:\/\/vinasfm.com\/noticias\/wp-content\/uploads\/2023\/07\/MG_5140-750x420.jpg 750w, https:\/\/vinasfm.com\/noticias\/wp-content\/uploads\/2023\/07\/MG_5140-1140x641.jpg 1140w\" sizes=\"auto, (max-width: 350px) 100vw, 350px\" \/><\/a><\/p>\n","protected":false},"excerpt":{"rendered":"<p>La Directora de Cultura Liana Piedrafita hizo un balance de las actividades realizadas para los ni\u00f1os durante el receso invernal. El &#8230;<\/p>\n","protected":false},"author":7,"featured_media":124803,"comment_status":"open","ping_status":"open","sticky":false,"template":"","format":"standard","meta":{"footnotes":""},"categories":[5,19],"tags":[],"class_list":["post-124802","post","type-post","status-publish","format-standard","has-post-thumbnail","hentry","category-actualidad","category-cultura"],"_links":{"self":[{"href":"https:\/\/vinasfm.com\/noticias\/wp-json\/wp\/v2\/posts\/124802","targetHints":{"allow":["GET"]}}],"collection":[{"href":"https:\/\/vinasfm.com\/noticias\/wp-json\/wp\/v2\/posts"}],"about":[{"href":"https:\/\/vinasfm.com\/noticias\/wp-json\/wp\/v2\/types\/post"}],"author":[{"embeddable":true,"href":"https:\/\/vinasfm.com\/noticias\/wp-json\/wp\/v2\/users\/7"}],"replies":[{"embeddable":true,"href":"https:\/\/vinasfm.com\/noticias\/wp-json\/wp\/v2\/comments?post=124802"}],"version-history":[{"count":1,"href":"https:\/\/vinasfm.com\/noticias\/wp-json\/wp\/v2\/posts\/124802\/revisions"}],"predecessor-version":[{"id":124808,"href":"https:\/\/vinasfm.com\/noticias\/wp-json\/wp\/v2\/posts\/124802\/revisions\/124808"}],"wp:featuredmedia":[{"embeddable":true,"href":"https:\/\/vinasfm.com\/noticias\/wp-json\/wp\/v2\/media\/124803"}],"wp:attachment":[{"href":"https:\/\/vinasfm.com\/noticias\/wp-json\/wp\/v2\/media?parent=124802"}],"wp:term":[{"taxonomy":"category","embeddable":true,"href":"https:\/\/vinasfm.com\/noticias\/wp-json\/wp\/v2\/categories?post=124802"},{"taxonomy":"post_tag","embeddable":true,"href":"https:\/\/vinasfm.com\/noticias\/wp-json\/wp\/v2\/tags?post=124802"}],"curies":[{"name":"wp","href":"https:\/\/api.w.org\/{rel}","templated":true}]}}