{"id":124799,"date":"2023-07-25T00:04:07","date_gmt":"2023-07-25T03:04:07","guid":{"rendered":"https:\/\/vinasfm.com\/noticias\/?p=124799"},"modified":"2023-07-25T11:04:03","modified_gmt":"2023-07-25T14:04:03","slug":"desde-caritas-implementan-la-economia-solidaria-para-ayudar-a-los-mas-necesitados","status":"publish","type":"post","link":"https:\/\/vinasfm.com\/noticias\/desde-caritas-implementan-la-economia-solidaria-para-ayudar-a-los-mas-necesitados\/","title":{"rendered":"DESDE C\u00c1RITAS IMPLEMENTAN LA ECONOM\u00cdA SOLIDARIA PARA AYUDAR A LOS M\u00c1S NECESITADOS"},"content":{"rendered":"<h4>El pasado s\u00e1bado en el encuentro \u00abPuntos de Vista\u00bb dijeron presentes en los estudios de VI\u00d1AS Horacio Valdivia y Mar\u00eda Isabel Mazzuchi para hablar sobre la campa\u00f1a que esta realizando C\u00e1ritas en todo el pa\u00eds<\/h4>\n<p>En primer lugar el <strong><span style=\"color: #333399;\">Padre Horacio<\/span><\/strong> comenz\u00f3 hablando acerca de las personas que lograron posicionar a C\u00e1ritas en lo mas alto:<em><strong> &#8216;en nuestra parroquia hay gente que ha sido muy importante para C\u00e1ritas, entre ellas destaco la figura de las hermanas de La Inmaculada Concepci\u00f3n de Ivrea, fueron las primeras promotoras de C\u00e1ritas en nuestra comunidad, gracias a ellas tenemos nuestra sede ya que fueron las organizadoras para comprar ese lugar, ellas promovieron mucho la acci\u00f3n pastoral por su trabajo en la Isla Gorostiague y en los barrios mas necesitados&#8217;<\/strong><\/em><\/p>\n<p><a href=\"https:\/\/vinasfm.com\/noticias\/wp-content\/uploads\/2018\/04\/padre-horacio.jpg\"><img loading=\"lazy\" decoding=\"async\" class=\"wp-image-33982 aligncenter\" src=\"https:\/\/vinasfm.com\/noticias\/wp-content\/uploads\/2018\/04\/padre-horacio.jpg\" alt=\"\" width=\"445\" height=\"250\" srcset=\"https:\/\/vinasfm.com\/noticias\/wp-content\/uploads\/2018\/04\/padre-horacio.jpg 1280w, https:\/\/vinasfm.com\/noticias\/wp-content\/uploads\/2018\/04\/padre-horacio-300x169.jpg 300w, https:\/\/vinasfm.com\/noticias\/wp-content\/uploads\/2018\/04\/padre-horacio-768x432.jpg 768w, https:\/\/vinasfm.com\/noticias\/wp-content\/uploads\/2018\/04\/padre-horacio-1024x576.jpg 1024w, https:\/\/vinasfm.com\/noticias\/wp-content\/uploads\/2018\/04\/padre-horacio-750x420.jpg 750w, https:\/\/vinasfm.com\/noticias\/wp-content\/uploads\/2018\/04\/padre-horacio-1140x641.jpg 1140w\" sizes=\"auto, (max-width: 445px) 100vw, 445px\" \/><\/a><\/p>\n<h2><span style=\"color: #0000ff;\"><strong>\u00bfQU\u00c9 ES C\u00c1RITAS?<\/strong><\/span><\/h2>\n<p><strong><span style=\"color: #ff0000;\">C\u00e1ritas Argentina<\/span><\/strong>, es una organizaci\u00f3n de la Iglesia Cat\u00f3lica que trabaja para dar respuesta a las problem\u00e1ticas sociales que derivan de la pobreza son<span class=\"elementor-icon-list-text\"> m\u00e1s de 40. 000 voluntarios\u00a0en 3.500 equipos de trabajo y estamos en todos los rincones del pa\u00eds.\u00a0<\/span><span class=\"elementor-icon-list-text\">Acompa\u00f1an a personas, familias y comunidades\u00a0que se encuentran en situaci\u00f3n de exclusi\u00f3n y vulnerabilidad.<\/span><\/p>\n<p><a href=\"https:\/\/vinasfm.com\/noticias\/wp-content\/uploads\/2023\/07\/o_1689661382.jpg\"><img loading=\"lazy\" decoding=\"async\" class=\"wp-image-124800 aligncenter\" src=\"https:\/\/vinasfm.com\/noticias\/wp-content\/uploads\/2023\/07\/o_1689661382.jpg\" alt=\"\" width=\"485\" height=\"272\" srcset=\"https:\/\/vinasfm.com\/noticias\/wp-content\/uploads\/2023\/07\/o_1689661382.jpg 982w, https:\/\/vinasfm.com\/noticias\/wp-content\/uploads\/2023\/07\/o_1689661382-300x168.jpg 300w, https:\/\/vinasfm.com\/noticias\/wp-content\/uploads\/2023\/07\/o_1689661382-768x431.jpg 768w, https:\/\/vinasfm.com\/noticias\/wp-content\/uploads\/2023\/07\/o_1689661382-750x420.jpg 750w\" sizes=\"auto, (max-width: 485px) 100vw, 485px\" \/><\/a><\/p>\n<p>De esta manera fue <strong><span style=\"color: #333399;\">Mar\u00eda Isabel Mazzuchi<\/span><\/strong>\u00a0quien explico el sistema que se utiliza en C\u00e1ritas para poder ayudar a los mas necesitados y como ella llego a formar parte de esto: <em><strong>&#8216;para empezar cada parroquia va a tener su CARITAS, si bien nosotros pertenecemos a la Parroquia Sagrado Coraz\u00f3n de Jes\u00fas eso no implica que si viene gente de otra zona no ser\u00e1 atendida, en mi labor del hospital siempre estuve mucho en contacto con caritas pero siempre en la parte asistencial, la parte de trabajo en emergencia y dem\u00e1s, fui descubriendo un mundo nuevo, uno de los objetivos principales es que la gente se de cuenta que son capaces de ayudar a la gente&#8217;<\/strong><\/em><\/p>\n<p><em><strong>&#8216;Nosotros tenemos un director de C\u00e1ritas, cada parroquia tiene un jefe en nuestro caso es el Padre Horacio, hay mucho contacto con C\u00e1ritas, hemos implementado por primera vez los micro-cr\u00e9ditos que son ECOSOL (Econom\u00eda Solidaria) tuvimos una capacitaci\u00f3n en San Rafael con una persona de C\u00e1ritas Nacional, esta iniciativa comenz\u00f3 en Bangladesh por ser uno de los pa\u00edses m\u00e1s pobres del mundo y tiene como objetivo seguir ayudando a la gente que mas lo necesita&#8217;<\/strong><\/em><\/p>\n<p>&nbsp;<\/p>\n","protected":false},"excerpt":{"rendered":"<p>El pasado s\u00e1bado en el encuentro \u00abPuntos de Vista\u00bb dijeron presentes en los estudios de VI\u00d1AS Horacio Valdivia y Mar\u00eda Isabel &#8230;<\/p>\n","protected":false},"author":7,"featured_media":123063,"comment_status":"open","ping_status":"open","sticky":false,"template":"","format":"standard","meta":{"footnotes":""},"categories":[5,11],"tags":[],"class_list":["post-124799","post","type-post","status-publish","format-standard","has-post-thumbnail","hentry","category-actualidad","category-sociales"],"_links":{"self":[{"href":"https:\/\/vinasfm.com\/noticias\/wp-json\/wp\/v2\/posts\/124799","targetHints":{"allow":["GET"]}}],"collection":[{"href":"https:\/\/vinasfm.com\/noticias\/wp-json\/wp\/v2\/posts"}],"about":[{"href":"https:\/\/vinasfm.com\/noticias\/wp-json\/wp\/v2\/types\/post"}],"author":[{"embeddable":true,"href":"https:\/\/vinasfm.com\/noticias\/wp-json\/wp\/v2\/users\/7"}],"replies":[{"embeddable":true,"href":"https:\/\/vinasfm.com\/noticias\/wp-json\/wp\/v2\/comments?post=124799"}],"version-history":[{"count":1,"href":"https:\/\/vinasfm.com\/noticias\/wp-json\/wp\/v2\/posts\/124799\/revisions"}],"predecessor-version":[{"id":124801,"href":"https:\/\/vinasfm.com\/noticias\/wp-json\/wp\/v2\/posts\/124799\/revisions\/124801"}],"wp:featuredmedia":[{"embeddable":true,"href":"https:\/\/vinasfm.com\/noticias\/wp-json\/wp\/v2\/media\/123063"}],"wp:attachment":[{"href":"https:\/\/vinasfm.com\/noticias\/wp-json\/wp\/v2\/media?parent=124799"}],"wp:term":[{"taxonomy":"category","embeddable":true,"href":"https:\/\/vinasfm.com\/noticias\/wp-json\/wp\/v2\/categories?post=124799"},{"taxonomy":"post_tag","embeddable":true,"href":"https:\/\/vinasfm.com\/noticias\/wp-json\/wp\/v2\/tags?post=124799"}],"curies":[{"name":"wp","href":"https:\/\/api.w.org\/{rel}","templated":true}]}}