{"id":124796,"date":"2023-07-24T21:16:57","date_gmt":"2023-07-25T00:16:57","guid":{"rendered":"https:\/\/vinasfm.com\/noticias\/?p=124796"},"modified":"2023-07-24T21:17:30","modified_gmt":"2023-07-25T00:17:30","slug":"malargue-y-san-carlos-recibieron-las-propuestas-de-omar-parisi-que-sigue-recorriendo-mendoza","status":"publish","type":"post","link":"https:\/\/vinasfm.com\/noticias\/malargue-y-san-carlos-recibieron-las-propuestas-de-omar-parisi-que-sigue-recorriendo-mendoza\/","title":{"rendered":"MALARG\u00dcE Y SAN CARLOS RECIBIERON LAS PROPUESTAS DE OMAR PARISI, QUE SIGUE RECORRIENDO MENDOZA"},"content":{"rendered":"<p><strong>Junto a su compa\u00f1ero de f\u00f3rmula, Lucas Ilardo y el precandidato a diputado nacional Mart\u00edn Aveiro tuvieron agenda en el inicio de la semana en compa\u00f1\u00eda de los candidatos a intendente Celso Jaque y Juan Torres.<\/strong><\/p>\n<p>La jornada incluy\u00f3 charla con vecinos del Barrio G\u00fcemes y una reuni\u00f3n de trabajo con Juli\u00e1n Matamala y referentes del Sindicato de personal Jer\u00e1rquico y Profesional del Petr\u00f3leo Gas Privado y Qu\u00edmicos de Cuyo, y cerraron con actos en ambos departamentos.<\/p>\n<p>Parisi habl\u00f3 de que <strong><em>\u00ablos sueldos son indignos y vamos a trabajar con un programa de gobierno para activar la provincia a trav\u00e9s de la producci\u00f3n y construcci\u00f3n de viviendas. La segmentaci\u00f3n significa que a cada necesidad vamos a responder con una soluci\u00f3n espec\u00edfica. Hablamos de nuevas formas de construcci\u00f3n, entre otras iniciativas. Hoy los j\u00f3venes, por ejemplo, tienen otra necesidad de vivienda y pensamos en un sistema de garant\u00edas para poder alquilar o tomar un cr\u00e9dito que est\u00e9 acorde a lo que puedan acceder\u00bb. <\/em><\/strong><\/p>\n<p>En el plano nacional admiti\u00f3:<strong><em> \u00abhemos hablado con Sergio Massa sobre el gasoducto de Vaca Muerta para cambiar la realidad industrial en el sur y pensar en inversiones y fuentes de trabajo. Tambi\u00e9n vamos a trabajar fuerte Pata Mora. Y vamos a hacer un fuerte impulso tambi\u00e9n en el crecimiento econ\u00f3mico a trav\u00e9s del gasoducto de Papagallos, una infraestructura que no solamente va a ser urbana, sino tambi\u00e9n productiva. Vamos a trabajar en la ganader\u00eda, en el turismo y les adelanto que vamos a hacer un fuerte impulso a que del lado chileno, en el Paso del Pehuenche, venga a trabajar el sistema fitosanitario chileno\u00bb. <\/em><\/strong><\/p>\n<p>Adem\u00e1s el candidato a gobernador admiti\u00f3 que conoce profundamente la necesidad de Malarg\u00fce, porque <strong><em>\u00abcuando fui Presidente del IPV ac\u00e1 hicimos salones de usos m\u00faltiples, inauguramos barrios, entregamos barrios, hicimos 10 barrios para m\u00e9dicos, esos m\u00e9dicos que hoy se van a trabajar a otras provincias porque no les alcanza el sueldo. Hicimos el Procrear, hicimos todo lo que fue el Promeba del Barrio Municipal\u00bb. <\/em><\/strong><\/p>\n<p>En tanto, Aveiro adelant\u00f3 que van <strong><em>\u00aba ir al Congreso a defender los intereses de los mendocinos. Queremos generar oportunidades, por ejemplo en el desarrollo de las pymes y el sector productivo\u00bb. Habl\u00f3 adem\u00e1s de su gesti\u00f3n en el Valle de Uco \u00abla transformaci\u00f3n que hemos hecho en Tunuy\u00e1n se puede ampliar a la provincia\u00bb,<\/em><\/strong> asever\u00f3.<\/p>\n<p>Adelant\u00f3 que est\u00e1 trabajando en un proyecto de ley para abordar la inserci\u00f3n laboral para las personas con discapacidad, otro que se ocupa del suelo y h\u00e1bitat, en conjunto con el plan de Vivienda que impulsa el peronismo, y otros proyectos relacionados a la matriz productiva de Mendoza que se diagrama con Amalia Granata (precandidata a diputada nacional).<\/p>\n<p>Por su parte el candidato a vicegobernador, Lucas Ilardo cont\u00f3 que en la Legislatura <strong><em>\u00abhemos defendido los intereses del sur porque vemos caminando para atr\u00e1s a Malarg\u00fce con un intendente que solo se queja y por eso creo que los malarg\u00fcinos le dan la espalda\u00bb. <\/em><\/strong><\/p>\n<p>Tambi\u00e9n agreg\u00f3 que <em><strong>\u00abhay mucha incertidumbre, la gente est\u00e1 asustada y la \u00fanica certeza son las propuestas que es lo que ofrecemos en salud, educaci\u00f3n, seguridad y vivienda. Parisi es el \u00fanico que tiene propuestas y adaptadas a las necesidades de Mendoza hoy\u00bb. <\/strong><\/em><\/p>\n<p>Fue cr\u00edtico con la gesti\u00f3n del actual intendente en el departamento sure\u00f1o: <strong><em>\u00abMalarg\u00fce no puede seguir viviendo de bravuconadas, de reacciones inexplicables de un intendente que no se sabe c\u00f3mo se levanta un d\u00eda y reacciona con gritos, agresiones, peleas. Necesita serenidad, necesita liderazgo, necesita cordura y eso lo proporciona Celso Jaque\u00bb.<\/em><\/strong><\/p>\n","protected":false},"excerpt":{"rendered":"<p>Junto a su compa\u00f1ero de f\u00f3rmula, Lucas Ilardo y el precandidato a diputado nacional Mart\u00edn Aveiro tuvieron agenda en el inicio &#8230;<\/p>\n","protected":false},"author":7,"featured_media":124797,"comment_status":"open","ping_status":"open","sticky":false,"template":"","format":"standard","meta":{"footnotes":""},"categories":[5,7],"tags":[],"class_list":["post-124796","post","type-post","status-publish","format-standard","has-post-thumbnail","hentry","category-actualidad","category-politica"],"_links":{"self":[{"href":"https:\/\/vinasfm.com\/noticias\/wp-json\/wp\/v2\/posts\/124796","targetHints":{"allow":["GET"]}}],"collection":[{"href":"https:\/\/vinasfm.com\/noticias\/wp-json\/wp\/v2\/posts"}],"about":[{"href":"https:\/\/vinasfm.com\/noticias\/wp-json\/wp\/v2\/types\/post"}],"author":[{"embeddable":true,"href":"https:\/\/vinasfm.com\/noticias\/wp-json\/wp\/v2\/users\/7"}],"replies":[{"embeddable":true,"href":"https:\/\/vinasfm.com\/noticias\/wp-json\/wp\/v2\/comments?post=124796"}],"version-history":[{"count":1,"href":"https:\/\/vinasfm.com\/noticias\/wp-json\/wp\/v2\/posts\/124796\/revisions"}],"predecessor-version":[{"id":124798,"href":"https:\/\/vinasfm.com\/noticias\/wp-json\/wp\/v2\/posts\/124796\/revisions\/124798"}],"wp:featuredmedia":[{"embeddable":true,"href":"https:\/\/vinasfm.com\/noticias\/wp-json\/wp\/v2\/media\/124797"}],"wp:attachment":[{"href":"https:\/\/vinasfm.com\/noticias\/wp-json\/wp\/v2\/media?parent=124796"}],"wp:term":[{"taxonomy":"category","embeddable":true,"href":"https:\/\/vinasfm.com\/noticias\/wp-json\/wp\/v2\/categories?post=124796"},{"taxonomy":"post_tag","embeddable":true,"href":"https:\/\/vinasfm.com\/noticias\/wp-json\/wp\/v2\/tags?post=124796"}],"curies":[{"name":"wp","href":"https:\/\/api.w.org\/{rel}","templated":true}]}}