{"id":124792,"date":"2023-07-24T21:10:57","date_gmt":"2023-07-25T00:10:57","guid":{"rendered":"https:\/\/vinasfm.com\/noticias\/?p=124792"},"modified":"2023-07-25T10:21:39","modified_gmt":"2023-07-25T13:21:39","slug":"el-programa-federal-de-prevencion-de-la-salud-visual-presente-en-alvear","status":"publish","type":"post","link":"https:\/\/vinasfm.com\/noticias\/el-programa-federal-de-prevencion-de-la-salud-visual-presente-en-alvear\/","title":{"rendered":"EL PROGRAMA FEDERAL DE PREVENCI\u00d3N DE LA SALUD VISUAL PRESENTE EN ALVEAR"},"content":{"rendered":"<p><strong>Este lunes estuvo presente en la Sede local del Partido Justicialista el trailer de la C\u00e1mara de Laboratorios \u00d3pticos y Afines de la Rep\u00fablica Argentina brindando atenci\u00f3n gratuita a los vecinos de la comuna.\u00a0<\/strong><\/p>\n<p>Durante la jornada fueron 100 personas las que llegaron al trailer para acceder a la consulta medica.<em><b>\u00abNuestra idea es colaborar con la salud en Alvear porque sabemos que en el Hospital Enfermeros Argentinos hay un solo oftalm\u00f3logo y no alcanza\u00bb<\/b><\/em>, explic\u00f3 <span style=\"color: #800080;\"><strong>Claudio V\u00e1zquez<\/strong><\/span> y agreg\u00f3 <strong><em>\u00abla crisis sanitaria afecta a todas las \u00e1reas, hoy se trabaja en la oftalmolog\u00eda pero tenemos la intenci\u00f3n de trabajar con otras \u00e1reas\u00bb.\u00a0<\/em><\/strong><\/p>\n<p><a href=\"https:\/\/vinasfm.com\/noticias\/wp-content\/uploads\/2023\/07\/WhatsApp-Image-2023-07-24-at-11.12.40-1.jpeg\"><img loading=\"lazy\" decoding=\"async\" class=\"wp-image-124793 aligncenter\" src=\"https:\/\/vinasfm.com\/noticias\/wp-content\/uploads\/2023\/07\/WhatsApp-Image-2023-07-24-at-11.12.40-1.jpeg\" alt=\"\" width=\"500\" height=\"500\" srcset=\"https:\/\/vinasfm.com\/noticias\/wp-content\/uploads\/2023\/07\/WhatsApp-Image-2023-07-24-at-11.12.40-1.jpeg 1080w, https:\/\/vinasfm.com\/noticias\/wp-content\/uploads\/2023\/07\/WhatsApp-Image-2023-07-24-at-11.12.40-1-300x300.jpeg 300w, https:\/\/vinasfm.com\/noticias\/wp-content\/uploads\/2023\/07\/WhatsApp-Image-2023-07-24-at-11.12.40-1-1024x1024.jpeg 1024w, https:\/\/vinasfm.com\/noticias\/wp-content\/uploads\/2023\/07\/WhatsApp-Image-2023-07-24-at-11.12.40-1-150x150.jpeg 150w, https:\/\/vinasfm.com\/noticias\/wp-content\/uploads\/2023\/07\/WhatsApp-Image-2023-07-24-at-11.12.40-1-768x768.jpeg 768w, https:\/\/vinasfm.com\/noticias\/wp-content\/uploads\/2023\/07\/WhatsApp-Image-2023-07-24-at-11.12.40-1-360x360.jpeg 360w, https:\/\/vinasfm.com\/noticias\/wp-content\/uploads\/2023\/07\/WhatsApp-Image-2023-07-24-at-11.12.40-1-750x750.jpeg 750w\" sizes=\"auto, (max-width: 500px) 100vw, 500px\" \/><\/a><\/p>\n<p>A los pocos recursos de la salud p\u00fablica se suman las crisis de las obras sociales. <strong><em>\u00abAlgunas opinan que es contraproducente para los comercios y la atenci\u00f3n local pero no es as\u00ed. Aqu\u00ed pueden acceder a la atenci\u00f3n y llevarse los lentes listos o irse con la receta\u00bb<\/em><\/strong> se\u00f1al\u00f3 V\u00e1zquez.<\/p>\n<p>Desde el PJ anunciaron que la atenci\u00f3n continuar\u00e1 durante toda la semana visitando los distritos de nuestro departamento, con fecha y horario a confirmar.\u00a0 As\u00ed mismo este martes continuar\u00e1 la atenci\u00f3n en la Sede ubicada en Diag. Carlos Pellegrini 340\u00a0 que abrir\u00e1 sus puertas a partir de las 8:00 de la ma\u00f1ana, para comenzar a tomar turnos, por orden de llegada, mientras que la atenci\u00f3n comenzar\u00e1 a partir de las 10:00 hs.<\/p>\n","protected":false},"excerpt":{"rendered":"<p>Este lunes estuvo presente en la Sede local del Partido Justicialista el trailer de la C\u00e1mara de Laboratorios \u00d3pticos y Afines &#8230;<\/p>\n","protected":false},"author":7,"featured_media":124794,"comment_status":"open","ping_status":"open","sticky":false,"template":"","format":"standard","meta":{"footnotes":""},"categories":[5,15],"tags":[],"class_list":["post-124792","post","type-post","status-publish","format-standard","has-post-thumbnail","hentry","category-actualidad","category-salud"],"_links":{"self":[{"href":"https:\/\/vinasfm.com\/noticias\/wp-json\/wp\/v2\/posts\/124792","targetHints":{"allow":["GET"]}}],"collection":[{"href":"https:\/\/vinasfm.com\/noticias\/wp-json\/wp\/v2\/posts"}],"about":[{"href":"https:\/\/vinasfm.com\/noticias\/wp-json\/wp\/v2\/types\/post"}],"author":[{"embeddable":true,"href":"https:\/\/vinasfm.com\/noticias\/wp-json\/wp\/v2\/users\/7"}],"replies":[{"embeddable":true,"href":"https:\/\/vinasfm.com\/noticias\/wp-json\/wp\/v2\/comments?post=124792"}],"version-history":[{"count":1,"href":"https:\/\/vinasfm.com\/noticias\/wp-json\/wp\/v2\/posts\/124792\/revisions"}],"predecessor-version":[{"id":124795,"href":"https:\/\/vinasfm.com\/noticias\/wp-json\/wp\/v2\/posts\/124792\/revisions\/124795"}],"wp:featuredmedia":[{"embeddable":true,"href":"https:\/\/vinasfm.com\/noticias\/wp-json\/wp\/v2\/media\/124794"}],"wp:attachment":[{"href":"https:\/\/vinasfm.com\/noticias\/wp-json\/wp\/v2\/media?parent=124792"}],"wp:term":[{"taxonomy":"category","embeddable":true,"href":"https:\/\/vinasfm.com\/noticias\/wp-json\/wp\/v2\/categories?post=124792"},{"taxonomy":"post_tag","embeddable":true,"href":"https:\/\/vinasfm.com\/noticias\/wp-json\/wp\/v2\/tags?post=124792"}],"curies":[{"name":"wp","href":"https:\/\/api.w.org\/{rel}","templated":true}]}}