{"id":124788,"date":"2023-07-24T19:21:05","date_gmt":"2023-07-24T22:21:05","guid":{"rendered":"https:\/\/vinasfm.com\/noticias\/?p=124788"},"modified":"2023-07-25T09:59:31","modified_gmt":"2023-07-25T12:59:31","slug":"vadillo-que-orozco-devuelva-la-plata-de-las-chorromultas-que-le-robo-a-los-mendocinos","status":"publish","type":"post","link":"https:\/\/vinasfm.com\/noticias\/vadillo-que-orozco-devuelva-la-plata-de-las-chorromultas-que-le-robo-a-los-mendocinos\/","title":{"rendered":"VADILLO: \u201cQUE OROZCO DEVUELVA LA PLATA DE LAS CHORROMULTAS QUE LE ROB\u00d3 A LOS MENDOCINOS\u201d"},"content":{"rendered":"<p><strong>En duros t\u00e9rminos, el candidato a gobernador del Partido Verde, Mario Vadillo, le reclam\u00f3 al intendente de Las Heras, Daniel Orozco, que le devuelva el dinero que le sac\u00f3 a los mendocinos con las fotomultas, luego que este mediod\u00eda el jefe comunal anunciara que desactivar\u00e1 el pol\u00e9mico sistema de multas autom\u00e1ticas, que funcionaba en el Acceso Norte y otras calles principales del departamento.<\/strong><\/p>\n<p><em><strong>\u201cQue Orozco devuelva la plata de las chorromultas que le rob\u00f3 a los 80 mil mendocinos en los \u00faltimos a\u00f1os, con un sistema tramposo, no validado ni verificado, que no permit\u00eda ejercer el derecho de defensa o descargo y que bloqueaba la renovaci\u00f3n de la licencia de conducir hasta que no se pagaba\u201d<\/strong><\/em>, dispar\u00f3 Mario Vadillo ante la novedad.<\/p>\n<p>Vadillo fue uno de los primeros dirigentes pol\u00edtico que milit\u00f3 y cuestion\u00f3 el sistema de fotomultas durante los \u00faltimos a\u00f1os y cuyo final ahora anuncia Orozco.<\/p>\n<p><a href=\"https:\/\/vinasfm.com\/noticias\/wp-content\/uploads\/2023\/07\/WhatsApp-Image-2023-07-24-at-19.20.28.jpeg\"><img loading=\"lazy\" decoding=\"async\" class=\"size-full wp-image-124790 aligncenter\" src=\"https:\/\/vinasfm.com\/noticias\/wp-content\/uploads\/2023\/07\/WhatsApp-Image-2023-07-24-at-19.20.28.jpeg\" alt=\"\" width=\"607\" height=\"175\" srcset=\"https:\/\/vinasfm.com\/noticias\/wp-content\/uploads\/2023\/07\/WhatsApp-Image-2023-07-24-at-19.20.28.jpeg 607w, https:\/\/vinasfm.com\/noticias\/wp-content\/uploads\/2023\/07\/WhatsApp-Image-2023-07-24-at-19.20.28-300x86.jpeg 300w\" sizes=\"auto, (max-width: 607px) 100vw, 607px\" \/><\/a><\/p>\n<p>Sin embargo, el candidato a gobernador del Partido Verde asever\u00f3 que<strong><em> \u201cOrozco es un caradura, ahora que se le prende fuego su gobierno con los esc\u00e1ndalos de corrupci\u00f3n, aprietes y abusos, anuncia la eliminaci\u00f3n de las chorromultas en la puerta de las elecciones\u201d.<\/em><\/strong><\/p>\n<p>Vadillo insisti\u00f3 en que<strong><em> \u201cdurante a\u00f1os estafaron a la gente con este sistema que ahora dan de baja, con esto no alcanza, el municipio tendr\u00eda que hacer la cuenta y devolverle a todos los multados que est\u00e1n registrados el dinero que les arrebat\u00f3\u201d.<\/em><\/strong><\/p>\n","protected":false},"excerpt":{"rendered":"<p>En duros t\u00e9rminos, el candidato a gobernador del Partido Verde, Mario Vadillo, le reclam\u00f3 al intendente de Las Heras, Daniel Orozco, &#8230;<\/p>\n","protected":false},"author":7,"featured_media":124789,"comment_status":"open","ping_status":"open","sticky":false,"template":"","format":"standard","meta":{"footnotes":""},"categories":[5,7],"tags":[],"class_list":["post-124788","post","type-post","status-publish","format-standard","has-post-thumbnail","hentry","category-actualidad","category-politica"],"_links":{"self":[{"href":"https:\/\/vinasfm.com\/noticias\/wp-json\/wp\/v2\/posts\/124788","targetHints":{"allow":["GET"]}}],"collection":[{"href":"https:\/\/vinasfm.com\/noticias\/wp-json\/wp\/v2\/posts"}],"about":[{"href":"https:\/\/vinasfm.com\/noticias\/wp-json\/wp\/v2\/types\/post"}],"author":[{"embeddable":true,"href":"https:\/\/vinasfm.com\/noticias\/wp-json\/wp\/v2\/users\/7"}],"replies":[{"embeddable":true,"href":"https:\/\/vinasfm.com\/noticias\/wp-json\/wp\/v2\/comments?post=124788"}],"version-history":[{"count":1,"href":"https:\/\/vinasfm.com\/noticias\/wp-json\/wp\/v2\/posts\/124788\/revisions"}],"predecessor-version":[{"id":124791,"href":"https:\/\/vinasfm.com\/noticias\/wp-json\/wp\/v2\/posts\/124788\/revisions\/124791"}],"wp:featuredmedia":[{"embeddable":true,"href":"https:\/\/vinasfm.com\/noticias\/wp-json\/wp\/v2\/media\/124789"}],"wp:attachment":[{"href":"https:\/\/vinasfm.com\/noticias\/wp-json\/wp\/v2\/media?parent=124788"}],"wp:term":[{"taxonomy":"category","embeddable":true,"href":"https:\/\/vinasfm.com\/noticias\/wp-json\/wp\/v2\/categories?post=124788"},{"taxonomy":"post_tag","embeddable":true,"href":"https:\/\/vinasfm.com\/noticias\/wp-json\/wp\/v2\/tags?post=124788"}],"curies":[{"name":"wp","href":"https:\/\/api.w.org\/{rel}","templated":true}]}}