{"id":124777,"date":"2023-07-24T10:51:34","date_gmt":"2023-07-24T13:51:34","guid":{"rendered":"https:\/\/vinasfm.com\/noticias\/?p=124777"},"modified":"2023-07-24T10:51:34","modified_gmt":"2023-07-24T13:51:34","slug":"paso-nacional-con-voto-tradicional-estos-son-los-cargos-que-elegiran-los-mendocinos","status":"publish","type":"post","link":"https:\/\/vinasfm.com\/noticias\/paso-nacional-con-voto-tradicional-estos-son-los-cargos-que-elegiran-los-mendocinos\/","title":{"rendered":"PASO NACIONAL: CON VOTO TRADICIONAL, ESTOS SON LOS CARGOS QUE ELEGIR\u00c1N LOS MENDOCINOS"},"content":{"rendered":"<p><strong>El 13 de agosto, la ciudadan\u00eda definir\u00e1 la oferta electoral que participar\u00e1 en las elecciones generales del 22 de octubre.<\/strong><\/p>\n<p>Los mendocinos, independientemente del departamento de residencia, ir\u00e1n nuevamente a las urnas el domingo 13 de agosto, cuando se desarrollen las elecciones PASO nacionales.<\/p>\n<p>Entre las 8 y las 18, los votantes deber\u00e1n elegir con el voto tradicional qui\u00e9nes ser\u00e1n los candidatos de las distintas agrupaciones pol\u00edticas que participar\u00e1n en las elecciones generales del 22 de octubre.<\/p>\n<p>Estos son los cargos que compiten en PASO nacionales:<\/p>\n<ul>\n<li>Presidente\/a y vicepresidente\/a.<\/li>\n<li>19 parlamentarios y parlamentarias del Mercosur por distrito nacional.<\/li>\n<li>24 parlamentarios y parlamentarias del Mercosur por distrito regional.<\/li>\n<li>130 diputados y diputadas nacionales en todo el pa\u00eds.<\/li>\n<li>24 senadores y senadoras nacionales en 8 provincias.<\/li>\n<li>Respecto de los cargos electivos para legisladores nacionales, en Mendoza solo se votar\u00e1 para elegir cinco diputados\/as nacionales y un\/a parlamentario\/a del Mercosur, ya que se trata de una elecci\u00f3n que modificar\u00e1 parcialmente la composici\u00f3n de la C\u00e1mara de Senadores y Diputados de la Naci\u00f3n.<\/li>\n<\/ul>\n","protected":false},"excerpt":{"rendered":"<p>El 13 de agosto, la ciudadan\u00eda definir\u00e1 la oferta electoral que participar\u00e1 en las elecciones generales del 22 de octubre. Los &#8230;<\/p>\n","protected":false},"author":7,"featured_media":95881,"comment_status":"open","ping_status":"open","sticky":false,"template":"","format":"standard","meta":{"footnotes":""},"categories":[1],"tags":[],"class_list":["post-124777","post","type-post","status-publish","format-standard","has-post-thumbnail","hentry","category-fmvinas"],"_links":{"self":[{"href":"https:\/\/vinasfm.com\/noticias\/wp-json\/wp\/v2\/posts\/124777","targetHints":{"allow":["GET"]}}],"collection":[{"href":"https:\/\/vinasfm.com\/noticias\/wp-json\/wp\/v2\/posts"}],"about":[{"href":"https:\/\/vinasfm.com\/noticias\/wp-json\/wp\/v2\/types\/post"}],"author":[{"embeddable":true,"href":"https:\/\/vinasfm.com\/noticias\/wp-json\/wp\/v2\/users\/7"}],"replies":[{"embeddable":true,"href":"https:\/\/vinasfm.com\/noticias\/wp-json\/wp\/v2\/comments?post=124777"}],"version-history":[{"count":1,"href":"https:\/\/vinasfm.com\/noticias\/wp-json\/wp\/v2\/posts\/124777\/revisions"}],"predecessor-version":[{"id":124778,"href":"https:\/\/vinasfm.com\/noticias\/wp-json\/wp\/v2\/posts\/124777\/revisions\/124778"}],"wp:featuredmedia":[{"embeddable":true,"href":"https:\/\/vinasfm.com\/noticias\/wp-json\/wp\/v2\/media\/95881"}],"wp:attachment":[{"href":"https:\/\/vinasfm.com\/noticias\/wp-json\/wp\/v2\/media?parent=124777"}],"wp:term":[{"taxonomy":"category","embeddable":true,"href":"https:\/\/vinasfm.com\/noticias\/wp-json\/wp\/v2\/categories?post=124777"},{"taxonomy":"post_tag","embeddable":true,"href":"https:\/\/vinasfm.com\/noticias\/wp-json\/wp\/v2\/tags?post=124777"}],"curies":[{"name":"wp","href":"https:\/\/api.w.org\/{rel}","templated":true}]}}