{"id":124771,"date":"2023-07-24T10:29:30","date_gmt":"2023-07-24T13:29:30","guid":{"rendered":"https:\/\/vinasfm.com\/noticias\/?p=124771"},"modified":"2023-07-25T08:15:18","modified_gmt":"2023-07-25T11:15:18","slug":"javier-lopez-mendoza-debe-conservar-la-lucha-antigranizo","status":"publish","type":"post","link":"https:\/\/vinasfm.com\/noticias\/javier-lopez-mendoza-debe-conservar-la-lucha-antigranizo\/","title":{"rendered":"JAVIER L\u00d3PEZ: \u201cMENDOZA DEBE CONSERVAR LA LUCHA ANTIGRANIZO\u201d"},"content":{"rendered":"<p><strong>El referente de la lucha por el agro en General Alvear pidi\u00f3 m\u00e1s apoyo en la lucha antigranizo.<\/strong><\/p>\n<p>Esta lucha se ha potenciado con el correr de los a\u00f1os, <strong><em>\u201cen el 2008 Bowen se vio sumamente afectado en una tormenta porque los aviones salieron tarde del Aeropuerto El Plumerillo. Cuando llegaron a atacar la tormenta esta se potenci\u00f3 y la situaci\u00f3n empeor\u00f3, lo cual fue comprobado por los t\u00e9cnicos\u201d<\/em><\/strong>, relat\u00f3 Javier L\u00f3pez y agreg\u00f3 <strong><em>\u201ca ra\u00edz de esto la lucha se potencio y es por eso que han bajado considerablemente los da\u00f1os en, al menos, los \u00faltimos 10 a\u00f1os\u201d. <\/em><\/strong><\/p>\n<p>L\u00f3pez insisti\u00f3 en que <strong><em>\u201cMendoza debe conservar el seguro agr\u00edcola, la lucha antigranizo y un fuerte programa de colocaci\u00f3n de telas\u201d. <\/em><\/strong>Siguiendo esta idea remarc\u00f3 que es sumamente necesario que la lucha se refuerce debido a que la provincia se encuentra en una zona riesgo.<\/p>\n<p>En el \u00faltimo periodo el Este de la provincia se ha visto m\u00e1s afectado que el Oasis Sur. <strong>\u201cNo tenemos el mismo plan de lucha ya que tienen zonas en donde no se puede acceder con aviones, es por eso que se deben aplicar las tres herramientas en conjunto<em>\u201d<\/em><\/strong><em>, subray\u00f3. <\/em><\/p>\n<p>Ante la inc\u00f3gnita de que si estas necesidades est\u00e1n presentes en la mesa de LAUM (agrupaci\u00f3n pol\u00edtica por la cual L\u00f3pez compite por la intendencia en Alvear) explic\u00f3 que <strong><em>\u201cse coincide en que es una incoherencia eliminar la lucha antigranizo pero es necesario seguir hablando y tener presente las necesidades de los productores de la provincia\u201d.<\/em><\/strong><\/p>\n<p><strong><em>\u201cTenemos que empezar a marcar las Pol\u00edticas de Estado, por eso decid\u00ed participar activamente en la pol\u00edtica<\/em>\u201d<\/strong>, remarc\u00f3<strong><em>.<\/em><\/strong><\/p>\n<h2><strong>Programa de Innovaci\u00f3n Tecnol\u00f3gica<\/strong><\/h2>\n<p>El municipio realiza un aporte, brindando la posibilidad a los productores de que puedan tecnificarse. Son m\u00e1s de 32 los productores que forman parte del Programa de Innovaci\u00f3n Tecnol\u00f3gica, y que buscan la eficiencia h\u00eddrica, adem\u00e1s de la mitigaci\u00f3n de heladas. Resulta necesario que cada productor que incorpore tecnolog\u00eda comparta su experiencia con sus pares, ya que hay una posibilidad de seguir creciendo y de mejorar la condici\u00f3n en cada finca.<\/p>\n<p><em><strong>\u201cEs un programa al que apoyo pero debe existir un acompa\u00f1amiento t\u00e9cnico y asegurarse de que tenga resultados \u00f3ptimos porque no podemos seguir tirando plata\u201d, <\/strong><\/em>remarc\u00f3 Javier L\u00f3pez.<\/p>\n","protected":false},"excerpt":{"rendered":"<p>El referente de la lucha por el agro en General Alvear pidi\u00f3 m\u00e1s apoyo en la lucha antigranizo. Esta lucha se &#8230;<\/p>\n","protected":false},"author":7,"featured_media":124774,"comment_status":"open","ping_status":"open","sticky":false,"template":"","format":"standard","meta":{"footnotes":""},"categories":[5,10],"tags":[],"class_list":["post-124771","post","type-post","status-publish","format-standard","has-post-thumbnail","hentry","category-actualidad","category-destacadas"],"_links":{"self":[{"href":"https:\/\/vinasfm.com\/noticias\/wp-json\/wp\/v2\/posts\/124771","targetHints":{"allow":["GET"]}}],"collection":[{"href":"https:\/\/vinasfm.com\/noticias\/wp-json\/wp\/v2\/posts"}],"about":[{"href":"https:\/\/vinasfm.com\/noticias\/wp-json\/wp\/v2\/types\/post"}],"author":[{"embeddable":true,"href":"https:\/\/vinasfm.com\/noticias\/wp-json\/wp\/v2\/users\/7"}],"replies":[{"embeddable":true,"href":"https:\/\/vinasfm.com\/noticias\/wp-json\/wp\/v2\/comments?post=124771"}],"version-history":[{"count":3,"href":"https:\/\/vinasfm.com\/noticias\/wp-json\/wp\/v2\/posts\/124771\/revisions"}],"predecessor-version":[{"id":124776,"href":"https:\/\/vinasfm.com\/noticias\/wp-json\/wp\/v2\/posts\/124771\/revisions\/124776"}],"wp:featuredmedia":[{"embeddable":true,"href":"https:\/\/vinasfm.com\/noticias\/wp-json\/wp\/v2\/media\/124774"}],"wp:attachment":[{"href":"https:\/\/vinasfm.com\/noticias\/wp-json\/wp\/v2\/media?parent=124771"}],"wp:term":[{"taxonomy":"category","embeddable":true,"href":"https:\/\/vinasfm.com\/noticias\/wp-json\/wp\/v2\/categories?post=124771"},{"taxonomy":"post_tag","embeddable":true,"href":"https:\/\/vinasfm.com\/noticias\/wp-json\/wp\/v2\/tags?post=124771"}],"curies":[{"name":"wp","href":"https:\/\/api.w.org\/{rel}","templated":true}]}}