{"id":124764,"date":"2023-07-24T09:44:11","date_gmt":"2023-07-24T12:44:11","guid":{"rendered":"https:\/\/vinasfm.com\/noticias\/?p=124764"},"modified":"2023-07-25T00:04:05","modified_gmt":"2023-07-25T03:04:05","slug":"con-exito-se-llevo-a-cabo-una-capacitacion-con-foco-en-las-pacientes-operadas-por-cancer-de-mamas","status":"publish","type":"post","link":"https:\/\/vinasfm.com\/noticias\/con-exito-se-llevo-a-cabo-una-capacitacion-con-foco-en-las-pacientes-operadas-por-cancer-de-mamas\/","title":{"rendered":"CON \u00c9XITO SE LLEV\u00d3 A CABO UNA CAPACITACI\u00d3N CON FOCO EN LAS PACIENTES OPERADAS POR C\u00c1NCER DE MAMAS"},"content":{"rendered":"<p><strong>El d\u00eda s\u00e1bado se realiz\u00f3 un importante taller te\u00f3rico-pr\u00e1ctico sobre<\/strong><strong>\u00a0<\/strong><strong>\u201cActualizaci\u00f3n kinesiol\u00f3gica en el abordaje de la paciente operada de c\u00e1ncer de mamas\u201d, en el HCD.<\/strong><\/p>\n<p>La capacitaci\u00f3n estuvo a cargo de las Licenciadas en Kinesiolog\u00eda Andrea Melendi y Avelina Gil, quienes ya estuvieron presentes en el departamento en el <span style=\"color: #ff00ff;\"><strong>#OctubreRosa<\/strong><\/span> de 2022. Silvia Vega, Asesora de la Mujer y Desarrollo de Familias, explic\u00f3 que este a\u00f1o <strong><em>\u201cse decidi\u00f3 ampliar la tem\u00e1tica ya que el a\u00f1o pasado se hizo un peque\u00f1o abordaje\u201d.<\/em><\/strong><\/p>\n<p>Durante el 2022 se cre\u00f3 el programa \u201cUna cita con la vida\u201d, con el fin de trabajar en la detecci\u00f3n temprana y prevenci\u00f3n del c\u00e1ncer de mamas.<\/p>\n<p>La Kinesi\u00f3loga Andrea Melendi se\u00f1al\u00f3 que <strong><em>\u201c<\/em><\/strong><strong><em>el abordaje de una paciente que este operada por c\u00e1ncer de mama no es muy com\u00fan. Desde hace unos a\u00f1os hay un \u00e1rea nueva que se llama Fisioterapia Oncol\u00f3gica que es el abordaje de la oncolog\u00eda, el kinesi\u00f3logo ahora ayuda a quien este transitando una patolog\u00eda oncol\u00f3gica, puede ser durante el proceso o en la etapa que se llama cuidados paliativos\u201d. <\/em><\/strong><\/p>\n<p>Siempre se trabaja sobre el c\u00e1ncer de mama porque estad\u00edsticamente es el que tiene un mayor \u00edndice y sobre todo en las mujeres, sin embargo en la actualidad las estad\u00edsticas son mucho m\u00e1s positivas.<\/p>\n<p>Por su parte, Avelina Gil sostuvo que <strong><em>\u201cun<\/em><\/strong><strong><em>a paciente informada es una paciente que se adhiere mucho al tratamiento, hoy la kinesiolog\u00eda se ha vuelto uno de los pilares mas importantes como lo es el tratamiento m\u00e9dico sobre todo porque se busca la buena calidad de vida\u201d.<\/em><\/strong><\/p>\n<p>En cuanto al proceso de rehabilitaci\u00f3n, Melendi explic\u00f3 que <strong><em>\u201cno hay un tiempo definido. En algunos casos se le realiza una evaluaci\u00f3n a la paciente previo a la cirug\u00eda, posterior de la intervenci\u00f3n se comienza con la rehabilitaci\u00f3n del brazo que pudo ser afectado, depende de lo prescripto por la\/el Mastologo\u201d. <\/em><\/strong><\/p>\n","protected":false},"excerpt":{"rendered":"<p>El d\u00eda s\u00e1bado se realiz\u00f3 un importante taller te\u00f3rico-pr\u00e1ctico sobre\u00a0\u201cActualizaci\u00f3n kinesiol\u00f3gica en el abordaje de la paciente operada de c\u00e1ncer de &#8230;<\/p>\n","protected":false},"author":7,"featured_media":124765,"comment_status":"open","ping_status":"open","sticky":false,"template":"","format":"standard","meta":{"footnotes":""},"categories":[5,15],"tags":[],"class_list":["post-124764","post","type-post","status-publish","format-standard","has-post-thumbnail","hentry","category-actualidad","category-salud"],"_links":{"self":[{"href":"https:\/\/vinasfm.com\/noticias\/wp-json\/wp\/v2\/posts\/124764","targetHints":{"allow":["GET"]}}],"collection":[{"href":"https:\/\/vinasfm.com\/noticias\/wp-json\/wp\/v2\/posts"}],"about":[{"href":"https:\/\/vinasfm.com\/noticias\/wp-json\/wp\/v2\/types\/post"}],"author":[{"embeddable":true,"href":"https:\/\/vinasfm.com\/noticias\/wp-json\/wp\/v2\/users\/7"}],"replies":[{"embeddable":true,"href":"https:\/\/vinasfm.com\/noticias\/wp-json\/wp\/v2\/comments?post=124764"}],"version-history":[{"count":1,"href":"https:\/\/vinasfm.com\/noticias\/wp-json\/wp\/v2\/posts\/124764\/revisions"}],"predecessor-version":[{"id":124766,"href":"https:\/\/vinasfm.com\/noticias\/wp-json\/wp\/v2\/posts\/124764\/revisions\/124766"}],"wp:featuredmedia":[{"embeddable":true,"href":"https:\/\/vinasfm.com\/noticias\/wp-json\/wp\/v2\/media\/124765"}],"wp:attachment":[{"href":"https:\/\/vinasfm.com\/noticias\/wp-json\/wp\/v2\/media?parent=124764"}],"wp:term":[{"taxonomy":"category","embeddable":true,"href":"https:\/\/vinasfm.com\/noticias\/wp-json\/wp\/v2\/categories?post=124764"},{"taxonomy":"post_tag","embeddable":true,"href":"https:\/\/vinasfm.com\/noticias\/wp-json\/wp\/v2\/tags?post=124764"}],"curies":[{"name":"wp","href":"https:\/\/api.w.org\/{rel}","templated":true}]}}