{"id":124663,"date":"2023-07-21T08:26:34","date_gmt":"2023-07-21T11:26:34","guid":{"rendered":"https:\/\/vinasfm.com\/noticias\/?p=124663"},"modified":"2023-07-21T10:15:28","modified_gmt":"2023-07-21T13:15:28","slug":"un-futbolista-de-20-anos-murio-tras-chocar-de-frente-con-su-auto-contra-una-camioneta-en-san-rafael","status":"publish","type":"post","link":"https:\/\/vinasfm.com\/noticias\/un-futbolista-de-20-anos-murio-tras-chocar-de-frente-con-su-auto-contra-una-camioneta-en-san-rafael\/","title":{"rendered":"UN FUTBOLISTA DE 20 A\u00d1OS MURI\u00d3 TRAS CHOCAR DE FRENTE CON SU AUTO CONTRA UNA CAMIONETA EN SAN RAFAEL"},"content":{"rendered":"<p><strong>Emilio Valent\u00edn Esquivel, de 20 a\u00f1os, circulaba este jueves en su Fiat S\u00faper Europa por la Ruta 143 donde choc\u00f3 de frente contra una camioneta Toyota Hilux conducida por un hombre de 62 a\u00f1os.<\/strong><\/p>\n<article class=\"article-body first\">\n<div class=\"article-content\">\n<div class=\"cuerpo\" data-twitter-link=\"\">\n<p>Un choque frontal dej\u00f3 como saldo un\u00a0<strong>muerto en accidente<\/strong>, siniestro ocurrido este jueves en Salto de las Rosas, San Rafael. Se trata de\u00a0<strong>Emilio Valent\u00edn Esquivel, de 20 a\u00f1os,<\/strong>\u00a0quien muri\u00f3 tras el\u00a0violento impacto\u00a0con otro auto.<\/p>\n<\/div>\n<\/div>\n<\/article>\n<article class=\"article-body\">\n<div class=\"article-content\">\n<div class=\"cuerpo\" data-twitter-link=\"\">\n<p>Cerca de las 19 se produjo un\u00a0<strong>accidente fatal en San Rafael<\/strong>, cuando Emilio Esquivel, oriundo de Ca\u00f1ada Seca, en el departamento sure\u00f1o, circulaba en un Fiat S\u00faper Europa (RKI 010) de Este a Oeste por la Ruta Nacional 143, y al llegar a la intersecci\u00f3n con la calle Sarmiento, impact\u00f3 de frente contra otro veh\u00edculo que circulaba en sentido contrario.<\/p>\n<p><img loading=\"lazy\" decoding=\"async\" class=\"aligncenter\" src=\"https:\/\/media.diariouno.com.ar\/p\/7c2a9f8180429d24d836c27c0b4ca16a\/adjuntos\/298\/imagenes\/009\/198\/0009198491\/1200x0\/smart\/accidente-fatal-canada-seca-esquiveljpg.jpg\" alt=\"Emilio Esquivel era jugador de f&amp;uacute;tbol en el equipo de San Mart&amp;iacute;n de Salto de las Rosas.\" width=\"550\" height=\"309\" \/><\/p>\n<\/div>\n<\/div>\n<div class=\"article-content\">\n<div class=\"cuerpo\" data-twitter-link=\"\">\n<p>El joven de 20 a\u00f1os, futbolista muy querido del club San Mart\u00edn de Salto de las Rosas, falleci\u00f3\u00a0<strong>tras chocar contra una camioneta Toyota Hilux (ACO32TH) que era conducida por Omar Bonino, de 62 a\u00f1os. El joven muri\u00f3 en el lugar,<\/strong>\u00a0dentro del habit\u00e1culo de su auto.<\/p>\n<\/div>\n<\/div>\n<\/article>\n","protected":false},"excerpt":{"rendered":"<p>Emilio Valent\u00edn Esquivel, de 20 a\u00f1os, circulaba este jueves en su Fiat S\u00faper Europa por la Ruta 143 donde choc\u00f3 de &#8230;<\/p>\n","protected":false},"author":7,"featured_media":124664,"comment_status":"open","ping_status":"open","sticky":false,"template":"","format":"standard","meta":{"footnotes":""},"categories":[5,184],"tags":[],"class_list":["post-124663","post","type-post","status-publish","format-standard","has-post-thumbnail","hentry","category-actualidad","category-siniestro-vial"],"_links":{"self":[{"href":"https:\/\/vinasfm.com\/noticias\/wp-json\/wp\/v2\/posts\/124663","targetHints":{"allow":["GET"]}}],"collection":[{"href":"https:\/\/vinasfm.com\/noticias\/wp-json\/wp\/v2\/posts"}],"about":[{"href":"https:\/\/vinasfm.com\/noticias\/wp-json\/wp\/v2\/types\/post"}],"author":[{"embeddable":true,"href":"https:\/\/vinasfm.com\/noticias\/wp-json\/wp\/v2\/users\/7"}],"replies":[{"embeddable":true,"href":"https:\/\/vinasfm.com\/noticias\/wp-json\/wp\/v2\/comments?post=124663"}],"version-history":[{"count":1,"href":"https:\/\/vinasfm.com\/noticias\/wp-json\/wp\/v2\/posts\/124663\/revisions"}],"predecessor-version":[{"id":124665,"href":"https:\/\/vinasfm.com\/noticias\/wp-json\/wp\/v2\/posts\/124663\/revisions\/124665"}],"wp:featuredmedia":[{"embeddable":true,"href":"https:\/\/vinasfm.com\/noticias\/wp-json\/wp\/v2\/media\/124664"}],"wp:attachment":[{"href":"https:\/\/vinasfm.com\/noticias\/wp-json\/wp\/v2\/media?parent=124663"}],"wp:term":[{"taxonomy":"category","embeddable":true,"href":"https:\/\/vinasfm.com\/noticias\/wp-json\/wp\/v2\/categories?post=124663"},{"taxonomy":"post_tag","embeddable":true,"href":"https:\/\/vinasfm.com\/noticias\/wp-json\/wp\/v2\/tags?post=124663"}],"curies":[{"name":"wp","href":"https:\/\/api.w.org\/{rel}","templated":true}]}}