{"id":124660,"date":"2023-07-20T20:57:40","date_gmt":"2023-07-20T23:57:40","guid":{"rendered":"https:\/\/vinasfm.com\/noticias\/?p=124660"},"modified":"2023-07-20T20:57:40","modified_gmt":"2023-07-20T23:57:40","slug":"el-hcd-se-reunio-con-el-comite-departamental-de-lactancia-materna","status":"publish","type":"post","link":"https:\/\/vinasfm.com\/noticias\/el-hcd-se-reunio-con-el-comite-departamental-de-lactancia-materna\/","title":{"rendered":"EL HCD SE REUNI\u00d3 CON EL COMIT\u00c9 DEPARTAMENTAL DE LACTANCIA MATERNA"},"content":{"rendered":"<p><strong>Se present\u00f3 el Comit\u00e9 Departamental de Lactancia Materna, que est\u00e1 integrado por el Hospital Enfermeros Argentinos, el Consultorio de Lactancia Materna, el Equipo Gestaci\u00f3n en movimiento del Hospital, el \u00c1rea Departamental de Salud, Municipio Saludable, Jardines Maternales, y coordinado por la doctora Graciela Raich, con el fin de dar a conocer el trabajo que viene realizando el comit\u00e9 y la importancia de darle difusi\u00f3n y promocionar la lactancia materna.<\/strong><\/p>\n<p>&nbsp;<\/p>\n<p>Desde el Honorable Concejo Deliberante de General Alvear agradecen la oportunidad de participar en temas tan importantes para la poblaci\u00f3n de nuestro departamento.<\/p>\n","protected":false},"excerpt":{"rendered":"<p>Se present\u00f3 el Comit\u00e9 Departamental de Lactancia Materna, que est\u00e1 integrado por el Hospital Enfermeros Argentinos, el Consultorio de Lactancia Materna, &#8230;<\/p>\n","protected":false},"author":7,"featured_media":124661,"comment_status":"open","ping_status":"open","sticky":false,"template":"","format":"standard","meta":{"footnotes":""},"categories":[1],"tags":[],"class_list":["post-124660","post","type-post","status-publish","format-standard","has-post-thumbnail","hentry","category-fmvinas"],"_links":{"self":[{"href":"https:\/\/vinasfm.com\/noticias\/wp-json\/wp\/v2\/posts\/124660","targetHints":{"allow":["GET"]}}],"collection":[{"href":"https:\/\/vinasfm.com\/noticias\/wp-json\/wp\/v2\/posts"}],"about":[{"href":"https:\/\/vinasfm.com\/noticias\/wp-json\/wp\/v2\/types\/post"}],"author":[{"embeddable":true,"href":"https:\/\/vinasfm.com\/noticias\/wp-json\/wp\/v2\/users\/7"}],"replies":[{"embeddable":true,"href":"https:\/\/vinasfm.com\/noticias\/wp-json\/wp\/v2\/comments?post=124660"}],"version-history":[{"count":1,"href":"https:\/\/vinasfm.com\/noticias\/wp-json\/wp\/v2\/posts\/124660\/revisions"}],"predecessor-version":[{"id":124662,"href":"https:\/\/vinasfm.com\/noticias\/wp-json\/wp\/v2\/posts\/124660\/revisions\/124662"}],"wp:featuredmedia":[{"embeddable":true,"href":"https:\/\/vinasfm.com\/noticias\/wp-json\/wp\/v2\/media\/124661"}],"wp:attachment":[{"href":"https:\/\/vinasfm.com\/noticias\/wp-json\/wp\/v2\/media?parent=124660"}],"wp:term":[{"taxonomy":"category","embeddable":true,"href":"https:\/\/vinasfm.com\/noticias\/wp-json\/wp\/v2\/categories?post=124660"},{"taxonomy":"post_tag","embeddable":true,"href":"https:\/\/vinasfm.com\/noticias\/wp-json\/wp\/v2\/tags?post=124660"}],"curies":[{"name":"wp","href":"https:\/\/api.w.org\/{rel}","templated":true}]}}