{"id":124625,"date":"2023-07-19T12:10:11","date_gmt":"2023-07-19T15:10:11","guid":{"rendered":"https:\/\/vinasfm.com\/noticias\/?p=124625"},"modified":"2023-07-20T20:50:22","modified_gmt":"2023-07-20T23:50:22","slug":"cambios-en-el-gabinete-cecilia-seniuk-es-la-nueva-delegada-de-bowen","status":"publish","type":"post","link":"https:\/\/vinasfm.com\/noticias\/cambios-en-el-gabinete-cecilia-seniuk-es-la-nueva-delegada-de-bowen\/","title":{"rendered":"CAMBIOS EN EL GABINETE: CECILIA SENIUK ES LA NUEVA DELEGADA DE BOWEN"},"content":{"rendered":"<p><strong>En conferencia de prensa el Sr. Intendente Walther Marcolini present\u00f3 a la nueva delegada que remplazar\u00e1 a Eliana Manzano y cumplir\u00e1 tareas hasta el pr\u00f3ximo 10 de diciembre.<\/strong><\/p>\n<p>En primer lugar <span style=\"color: #800080;\"><strong>Marcolini<\/strong><\/span> agradeci\u00f3 a Manzano por su trabajo realizado en durante este periodo y aclar\u00f3 que <strong><em>\u201cse hab\u00eda conversado, junto con otros funcionarios, estos cambios para el segundo semestre del a\u00f1o\u201d,<\/em><\/strong> de este modo tambi\u00e9n anunci\u00f3 que Silvia Vega dejar\u00e1 su cargo en la <strong>Asesor\u00eda de la Mujer y Desarrollo de las Familias.<\/strong><\/p>\n<p><strong><em>\u201cCecilia nos acompa\u00f1ar\u00e1 hasta terminar la gesti\u00f3n. Tambi\u00e9n hay funcionarios que tienen la posibilidad de jubilarse en el \u00e1rea en el que cumpl\u00edan tareas por eso tomamos la decisi\u00f3n de realizar estos cambios\u201d<\/em><\/strong>, explic\u00f3 el mandatario.<\/p>\n<p>Por su parte <strong><span style=\"color: #800080;\">Seniuk<\/span><\/strong>agradeci\u00f3 a Marcolini por <strong><em>\u201cla oportunidad de sumarse al Gabinete y culminar la gesti\u00f3n de la mejor manera posible\u201d<\/em><\/strong><strong>.<\/strong> La nueva delegada ya estaba trabajando desde el 2015 vinculada a los empleados del municipio es por eso que destaca <strong><em>\u201cconocer mucho las calles, las empresas y las necesidades de los vecinos de la comuna\u201d. <\/em><\/strong><\/p>\n<p>El mandatario destac\u00f3 que ma\u00f1ana se va a realizar la \u00faltima licitaci\u00f3n importante del a\u00f1o y de su gesti\u00f3n, se trata de 90 cuadras de asfalto nuevo para Ciudad y distritos, por un monto superior a 320 millones de pesos. <em><strong>\u201cSe beneficiar\u00e1 a Bowen con m\u00e1s obras de asfalto. Por otra parte, qued\u00f3 desierta la licitaci\u00f3n del pozo de agua de El Ceibo para agua potable. La semana pr\u00f3xima se realizar\u00e1 una segunda licitaci\u00f3n y compulsa de precios para poder realizar esa obra, sumamente importante para los vecinos, donde Provincia y municipio aportan, cada una, el 50% de los recursos\u201d.<\/strong><\/em><\/p>\n","protected":false},"excerpt":{"rendered":"<p>En conferencia de prensa el Sr. Intendente Walther Marcolini present\u00f3 a la nueva delegada que remplazar\u00e1 a Eliana Manzano y cumplir\u00e1 &#8230;<\/p>\n","protected":false},"author":7,"featured_media":124626,"comment_status":"open","ping_status":"open","sticky":false,"template":"","format":"standard","meta":{"footnotes":""},"categories":[5,78],"tags":[],"class_list":["post-124625","post","type-post","status-publish","format-standard","has-post-thumbnail","hentry","category-actualidad","category-municipalidad"],"_links":{"self":[{"href":"https:\/\/vinasfm.com\/noticias\/wp-json\/wp\/v2\/posts\/124625","targetHints":{"allow":["GET"]}}],"collection":[{"href":"https:\/\/vinasfm.com\/noticias\/wp-json\/wp\/v2\/posts"}],"about":[{"href":"https:\/\/vinasfm.com\/noticias\/wp-json\/wp\/v2\/types\/post"}],"author":[{"embeddable":true,"href":"https:\/\/vinasfm.com\/noticias\/wp-json\/wp\/v2\/users\/7"}],"replies":[{"embeddable":true,"href":"https:\/\/vinasfm.com\/noticias\/wp-json\/wp\/v2\/comments?post=124625"}],"version-history":[{"count":3,"href":"https:\/\/vinasfm.com\/noticias\/wp-json\/wp\/v2\/posts\/124625\/revisions"}],"predecessor-version":[{"id":124634,"href":"https:\/\/vinasfm.com\/noticias\/wp-json\/wp\/v2\/posts\/124625\/revisions\/124634"}],"wp:featuredmedia":[{"embeddable":true,"href":"https:\/\/vinasfm.com\/noticias\/wp-json\/wp\/v2\/media\/124626"}],"wp:attachment":[{"href":"https:\/\/vinasfm.com\/noticias\/wp-json\/wp\/v2\/media?parent=124625"}],"wp:term":[{"taxonomy":"category","embeddable":true,"href":"https:\/\/vinasfm.com\/noticias\/wp-json\/wp\/v2\/categories?post=124625"},{"taxonomy":"post_tag","embeddable":true,"href":"https:\/\/vinasfm.com\/noticias\/wp-json\/wp\/v2\/tags?post=124625"}],"curies":[{"name":"wp","href":"https:\/\/api.w.org\/{rel}","templated":true}]}}