{"id":124567,"date":"2023-07-18T11:29:29","date_gmt":"2023-07-18T14:29:29","guid":{"rendered":"https:\/\/vinasfm.com\/noticias\/?p=124567"},"modified":"2023-07-19T09:31:16","modified_gmt":"2023-07-19T12:31:16","slug":"una-cita-con-la-vida-actualizacion-kinesiologica-en-el-abordaje-de-la-paciente-operada-de-cancer-de-mamas","status":"publish","type":"post","link":"https:\/\/vinasfm.com\/noticias\/una-cita-con-la-vida-actualizacion-kinesiologica-en-el-abordaje-de-la-paciente-operada-de-cancer-de-mamas\/","title":{"rendered":"UNA CITA CON LA VIDA: ACTUALIZACI\u00d3N KINESIOL\u00d3GICA EN EL ABORDAJE DE LA PACIENTE OPERADA DE C\u00c1NCER DE MAMAS"},"content":{"rendered":"<p><strong>En el marco del Programa Una Cita con la Vida, desde la Asesor\u00eda de la Mujer y Desarrollo de las Familias, se brindar\u00e1 un taller te\u00f3rico-pr\u00e1ctico \u00abActualizaci\u00f3n kinesiol\u00f3gica en el abordaje de la paciente operada de c\u00e1ncer de mamas\u201d, gratuito, en el sal\u00f3n del Consejo Deliberante.<\/strong><\/p>\n<p>La Asesora de la Mujer y Desarrollo de Familias, Silvia Vega indic\u00f3 que <strong><em>\u201deste programa se cre\u00f3 en el 2022 durante el \u2018Octubre Rosa\u2019 y pretende trabajar en la detecci\u00f3n y prevenci\u00f3n del c\u00e1ncer del mama\u201d. <\/em><\/strong>Las actividades de desarrollar\u00e1n este fin de semana con la presencia de las Lic. en Kinesiolog\u00eda Andrea Melendi y Avelina Gil.<\/p>\n<p>Est\u00e1 principalmente destinado a kinesi\u00f3logos y\/o profesionales de la salud. Para participar podr\u00e1n inscribirse por medio de <a href=\"https:\/\/forms.gle\/zpFwPCk7wEinBcx36\">este link<\/a> o comunicarse con la Asesor\u00eda de la Mujer y Desarrollo de las Familias (<span style=\"color: #cc99ff;\"><strong>2625 43-1452<\/strong><\/span>)<\/p>\n<p><a href=\"https:\/\/vinasfm.com\/noticias\/wp-content\/uploads\/2023\/07\/WhatsApp-Image-2023-07-17-at-10.35.56.jpeg\"><img loading=\"lazy\" decoding=\"async\" class=\"wp-image-124569 aligncenter\" src=\"https:\/\/vinasfm.com\/noticias\/wp-content\/uploads\/2023\/07\/WhatsApp-Image-2023-07-17-at-10.35.56.jpeg\" alt=\"\" width=\"500\" height=\"562\" srcset=\"https:\/\/vinasfm.com\/noticias\/wp-content\/uploads\/2023\/07\/WhatsApp-Image-2023-07-17-at-10.35.56.jpeg 1423w, https:\/\/vinasfm.com\/noticias\/wp-content\/uploads\/2023\/07\/WhatsApp-Image-2023-07-17-at-10.35.56-267x300.jpeg 267w, https:\/\/vinasfm.com\/noticias\/wp-content\/uploads\/2023\/07\/WhatsApp-Image-2023-07-17-at-10.35.56-911x1024.jpeg 911w, https:\/\/vinasfm.com\/noticias\/wp-content\/uploads\/2023\/07\/WhatsApp-Image-2023-07-17-at-10.35.56-768x864.jpeg 768w, https:\/\/vinasfm.com\/noticias\/wp-content\/uploads\/2023\/07\/WhatsApp-Image-2023-07-17-at-10.35.56-1366x1536.jpeg 1366w\" sizes=\"auto, (max-width: 500px) 100vw, 500px\" \/><\/a><\/p>\n<h2><strong>Actividades <\/strong><\/h2>\n<ul>\n<li>Viernes 21 de julio, de 15 a 19h, rehabilitaci\u00f3n en la paciente operada de c\u00e1ncer de mamas; Pre habilitaci\u00f3n, \u00bfQu\u00e9 es?, \u00bfCu\u00e1ndo hacerla?; evaluaci\u00f3n kinesiol\u00f3gica, objetivos; Break<\/li>\n<li>S\u00e1bado 22 de julio, de 8:30 a 13h, tratamiento del linfedema; actividad f\u00edsica, beneficios, tipos; vigilancia prospectiva del linfedema, importancia en la salud p\u00fablica; evaluaci\u00f3n con pacientes.<\/li>\n<\/ul>\n","protected":false},"excerpt":{"rendered":"<p>En el marco del Programa Una Cita con la Vida, desde la Asesor\u00eda de la Mujer y Desarrollo de las Familias, &#8230;<\/p>\n","protected":false},"author":7,"featured_media":124568,"comment_status":"open","ping_status":"open","sticky":false,"template":"","format":"standard","meta":{"footnotes":""},"categories":[5,15],"tags":[],"class_list":["post-124567","post","type-post","status-publish","format-standard","has-post-thumbnail","hentry","category-actualidad","category-salud"],"_links":{"self":[{"href":"https:\/\/vinasfm.com\/noticias\/wp-json\/wp\/v2\/posts\/124567","targetHints":{"allow":["GET"]}}],"collection":[{"href":"https:\/\/vinasfm.com\/noticias\/wp-json\/wp\/v2\/posts"}],"about":[{"href":"https:\/\/vinasfm.com\/noticias\/wp-json\/wp\/v2\/types\/post"}],"author":[{"embeddable":true,"href":"https:\/\/vinasfm.com\/noticias\/wp-json\/wp\/v2\/users\/7"}],"replies":[{"embeddable":true,"href":"https:\/\/vinasfm.com\/noticias\/wp-json\/wp\/v2\/comments?post=124567"}],"version-history":[{"count":2,"href":"https:\/\/vinasfm.com\/noticias\/wp-json\/wp\/v2\/posts\/124567\/revisions"}],"predecessor-version":[{"id":124606,"href":"https:\/\/vinasfm.com\/noticias\/wp-json\/wp\/v2\/posts\/124567\/revisions\/124606"}],"wp:featuredmedia":[{"embeddable":true,"href":"https:\/\/vinasfm.com\/noticias\/wp-json\/wp\/v2\/media\/124568"}],"wp:attachment":[{"href":"https:\/\/vinasfm.com\/noticias\/wp-json\/wp\/v2\/media?parent=124567"}],"wp:term":[{"taxonomy":"category","embeddable":true,"href":"https:\/\/vinasfm.com\/noticias\/wp-json\/wp\/v2\/categories?post=124567"},{"taxonomy":"post_tag","embeddable":true,"href":"https:\/\/vinasfm.com\/noticias\/wp-json\/wp\/v2\/tags?post=124567"}],"curies":[{"name":"wp","href":"https:\/\/api.w.org\/{rel}","templated":true}]}}