{"id":124550,"date":"2023-07-18T09:13:10","date_gmt":"2023-07-18T12:13:10","guid":{"rendered":"https:\/\/vinasfm.com\/noticias\/?p=124550"},"modified":"2023-07-19T08:33:49","modified_gmt":"2023-07-19T11:33:49","slug":"edgardo-sampirisi-y-leandro-sivestre-recorrieron-emprendimientos-agricolas-del-departamento-en-el-marco-del-programa-de-innovacion-tecnologica-para-pequenos-productores","status":"publish","type":"post","link":"https:\/\/vinasfm.com\/noticias\/edgardo-sampirisi-y-leandro-sivestre-recorrieron-emprendimientos-agricolas-del-departamento-en-el-marco-del-programa-de-innovacion-tecnologica-para-pequenos-productores\/","title":{"rendered":"EDGARDO SAMPIRISI Y LEANDRO SILVESTRE RECORRIERON EMPRENDIMIENTOS AGR\u00cdCOLAS DEL DEPARTAMENTO EN EL MARCO DEL PROGRAMA DE INNOVACI\u00d3N TECNOL\u00d3GICA PARA PEQUE\u00d1OS PRODUCTORES"},"content":{"rendered":"<p><strong>El programa tiene como objetivo ayudar a los peque\u00f1os productores agr\u00edcolas en la eficiencia h\u00eddrica y la defensa contra heladas. Para ello entregar\u00e1n un fondo no reembolsable de 1 mill\u00f3n de pesos por productor para tecnificar sus emprendimientos agr\u00edcolas.\u00a0<\/strong><\/p>\n<p><strong>El S<\/strong>ecretario de Desarrollo y Promoci\u00f3n Departamental, <span style=\"color: #800080;\"><strong>Edgardo Sampirisi<\/strong><\/span>, explic\u00f3 que <strong><em>\u201cel objetivo es ayudar a los peque\u00f1os productores a tecnificar sus emprendimientos agr\u00edcolas as\u00ed lograr una mejo producci\u00f3n\u201d.<\/em><\/strong> Es de destacar que el programa se financia con fondos del Municipio.<\/p>\n<p>El Ingeniero <span style=\"color: #800080;\"><strong>Leandro Silvestre<\/strong><\/span> expres\u00f3 que hay <strong><em>\u201cuna respuesta muy positiva por parte de los productores locales ya que podr\u00e1n tener un mejor control de los factores m\u00e1s cr\u00edticos de nuestra zona como lo son la escasez h\u00eddrica y las heladas primaverales\u201d<\/em><\/strong><\/p>\n<p>El programa contempla a 32 productores que recibir\u00e1n un monto de 1 mill\u00f3n de pesos. <strong><em>\u201cQueremos lograr un apoyo provincial para poder mejorar el programa porque el Municipio debe crear pol\u00edticas p\u00fablicas para los sectores m\u00e1s necesitados\u201d.<\/em><\/strong><\/p>\n<p>Por \u00faltimo indicaron que <strong><em>\u201clas inscripciones al programa ya han cerrado pero, seg\u00fan los resultados obtenidos en esta etapa, se espera poder repetir el programa el pr\u00f3ximo a\u00f1o y de ser posible aumentar los montos\u201d.<\/em><\/strong><\/p>\n","protected":false},"excerpt":{"rendered":"<p>El programa tiene como objetivo ayudar a los peque\u00f1os productores agr\u00edcolas en la eficiencia h\u00eddrica y la defensa contra heladas. Para &#8230;<\/p>\n","protected":false},"author":7,"featured_media":124551,"comment_status":"open","ping_status":"open","sticky":false,"template":"","format":"standard","meta":{"footnotes":""},"categories":[5,14],"tags":[],"class_list":["post-124550","post","type-post","status-publish","format-standard","has-post-thumbnail","hentry","category-actualidad","category-agro"],"_links":{"self":[{"href":"https:\/\/vinasfm.com\/noticias\/wp-json\/wp\/v2\/posts\/124550","targetHints":{"allow":["GET"]}}],"collection":[{"href":"https:\/\/vinasfm.com\/noticias\/wp-json\/wp\/v2\/posts"}],"about":[{"href":"https:\/\/vinasfm.com\/noticias\/wp-json\/wp\/v2\/types\/post"}],"author":[{"embeddable":true,"href":"https:\/\/vinasfm.com\/noticias\/wp-json\/wp\/v2\/users\/7"}],"replies":[{"embeddable":true,"href":"https:\/\/vinasfm.com\/noticias\/wp-json\/wp\/v2\/comments?post=124550"}],"version-history":[{"count":3,"href":"https:\/\/vinasfm.com\/noticias\/wp-json\/wp\/v2\/posts\/124550\/revisions"}],"predecessor-version":[{"id":124562,"href":"https:\/\/vinasfm.com\/noticias\/wp-json\/wp\/v2\/posts\/124550\/revisions\/124562"}],"wp:featuredmedia":[{"embeddable":true,"href":"https:\/\/vinasfm.com\/noticias\/wp-json\/wp\/v2\/media\/124551"}],"wp:attachment":[{"href":"https:\/\/vinasfm.com\/noticias\/wp-json\/wp\/v2\/media?parent=124550"}],"wp:term":[{"taxonomy":"category","embeddable":true,"href":"https:\/\/vinasfm.com\/noticias\/wp-json\/wp\/v2\/categories?post=124550"},{"taxonomy":"post_tag","embeddable":true,"href":"https:\/\/vinasfm.com\/noticias\/wp-json\/wp\/v2\/tags?post=124550"}],"curies":[{"name":"wp","href":"https:\/\/api.w.org\/{rel}","templated":true}]}}