{"id":124544,"date":"2023-07-18T08:26:06","date_gmt":"2023-07-18T11:26:06","guid":{"rendered":"https:\/\/vinasfm.com\/noticias\/?p=124544"},"modified":"2023-07-18T12:12:16","modified_gmt":"2023-07-18T15:12:16","slug":"se-llevo-a-cabo-con-exito-la-audiencia-publica-de-el-baqueano-en-san-rafael","status":"publish","type":"post","link":"https:\/\/vinasfm.com\/noticias\/se-llevo-a-cabo-con-exito-la-audiencia-publica-de-el-baqueano-en-san-rafael\/","title":{"rendered":"SE LLEV\u00d3 A CABO CON \u00c9XITO LA AUDIENCIA P\u00daBLICA DE EL BAQUEANO EN SAN RAFAEL"},"content":{"rendered":"<p><strong>En formato bimodal, se desarroll\u00f3 con normalidad la Audiencia P\u00fablica por el Proyecto Hidroel\u00e9ctrico El Baqueano en el departamento de San Rafael.<\/strong><\/p>\n<p>La presa tiene como objetivo la generaci\u00f3n de energ\u00eda y regulaci\u00f3n de los caudales para satisfacer la demanda de riego de la zona y de usos consuntivos, como riego agr\u00edcola y uso industrial.<\/p>\n<p>La Secretar\u00eda de Ambiente y Ordenamiento Territorial, a trav\u00e9s de la Unidad de Evaluaciones Ambientales, llev\u00f3 a cabo la Audiencia P\u00fablica en el Centro de Congresos y Exposiciones de San Rafael, por el Proyecto Multiprop\u00f3sito de Aprovechamiento Hidroel\u00e9ctrico El Baqueano.<\/p>\n<p>La audiencia se llev\u00f3 a cabo en formato bimodal, con participaci\u00f3n de manera presencial en el Auditorio Ra\u00fal V\u00e1zquez del Centro de Congresos y Exposiciones Alfredo Bufano, ubicado en calle Tirasso 1030, Parque Norte, de San Rafael, y de manera virtual por plataforma\u00a0virtual.<\/p>\n<p>Esto, de acuerdo con lo establecido en los Art\u00edculos 29\u00ba y 31\u00ba de la Ley 5961 de Preservaci\u00f3n del Ambiente y ampliatorias; Art\u00edculo 18\u00ba del Decreto 2109\/1994 de Procedimiento de Evaluaci\u00f3n de Impacto Ambiental y conforme los t\u00e9rminos de la Resoluci\u00f3n 109\/96-MAyOP y Resoluci\u00f3n 298\/2020-SAyOT.<\/p>\n<p>El secretario de Ambiente y Ordenamiento territorial, Humberto Mingorance, destac\u00f3: \u201cA trav\u00e9s de la nueva modalidad\u00a0<em>on line<\/em>\u00a0y presencial simult\u00e1nea, buscamos aumentar a\u00fan m\u00e1s la participaci\u00f3n de los mendocinos para avanzar en cuestiones y decisiones tan importantes<br \/>\ncomo lo es la construcci\u00f3n de este proyecto hidroel\u00e9ctrico propuesto por Emesa\u201d. Adem\u00e1s, el funcionario destac\u00f3 la participaci\u00f3n positiva de todos los oradores que formaron parte de las exposiciones tanto presencial como virtual.<\/p>\n<p>El Proyecto Hidroel\u00e9ctrico El Baqueano se propone construirlo en San Rafael, sobre el r\u00edo Diamante, hacia el oeste de la cola del embalse Los Reyunos y aguas abajo del embalse y central hidroel\u00e9ctrica de Agua del Toro. El objetivo del aprovechamiento es la generaci\u00f3n de energ\u00eda y regulaci\u00f3n de los caudales para satisfacer la demanda de usos consuntivos y riego de la zona.<\/p>\n<p>Las obras componentes del aprovechamiento consisten en una presa de hormig\u00f3n compactado a rodillo con su correspondiente embalse, obra de desv\u00edo del r\u00edo, obra de toma, t\u00fanel de aducci\u00f3n, chimenea de equilibrio, tuber\u00eda forzada y casa de m\u00e1quinas.<\/p>\n<p><a href=\"https:\/\/vinasfm.com\/noticias\/wp-content\/uploads\/2023\/07\/20230717_101432-700x525-1.jpg\"><img loading=\"lazy\" decoding=\"async\" class=\"alignnone wp-image-124547\" src=\"https:\/\/vinasfm.com\/noticias\/wp-content\/uploads\/2023\/07\/20230717_101432-700x525-1.jpg\" alt=\"\" width=\"350\" height=\"263\" srcset=\"https:\/\/vinasfm.com\/noticias\/wp-content\/uploads\/2023\/07\/20230717_101432-700x525-1.jpg 700w, https:\/\/vinasfm.com\/noticias\/wp-content\/uploads\/2023\/07\/20230717_101432-700x525-1-300x225.jpg 300w\" sizes=\"auto, (max-width: 350px) 100vw, 350px\" \/><\/a> <a href=\"https:\/\/vinasfm.com\/noticias\/wp-content\/uploads\/2023\/07\/20230717_100835-700x525-1.jpg\"><img loading=\"lazy\" decoding=\"async\" class=\"alignnone wp-image-124546\" src=\"https:\/\/vinasfm.com\/noticias\/wp-content\/uploads\/2023\/07\/20230717_100835-700x525-1.jpg\" alt=\"\" width=\"350\" height=\"263\" srcset=\"https:\/\/vinasfm.com\/noticias\/wp-content\/uploads\/2023\/07\/20230717_100835-700x525-1.jpg 700w, https:\/\/vinasfm.com\/noticias\/wp-content\/uploads\/2023\/07\/20230717_100835-700x525-1-300x225.jpg 300w\" sizes=\"auto, (max-width: 350px) 100vw, 350px\" \/><\/a><\/p>\n<p>Es importante mencionar que el proyecto Aprovechamiento Hidroel\u00e9ctrico El Baqueano posee diferentes estudios a lo largo de varios a\u00f1os.\u00a0Entre los m\u00e1s recientes, se destacan los realizados por Agua y Energ\u00eda El\u00e9ctrica (AyEE) en 1983 y posteriormente los que realiz\u00f3 el Gobierno de la provincia de Mendoza como iniciador, a trav\u00e9s de la financiaci\u00f3n de la CAF (Corporaci\u00f3n Andina de Fomento). El desarrollador del proyecto fue la Secretar\u00eda de la Naci\u00f3n; el fiduciario, el BICE (Banco de Inversi\u00f3n y Comercio Exterior SA), la consultora, CH2M Hill ARgentina SA Estudio 2016- 2017.<\/p>\n<p>Como resultado de estos estudios, el anteproyecto Aprovechamiento Hidroel\u00e9ctrico El Baqueano se conformar\u00e1 con una presa de hormig\u00f3n compactado a rodillo de 74,5 m de altura m\u00e1xima, una longitud de coronamiento de 296 m y un volumen de embalse de 37 hm3.<\/p>\n<p>El desv\u00edo del r\u00edo est\u00e1 ubicado en la margen derecha del r\u00edo. La obra de desv\u00edo se construir\u00e1 mediante un t\u00fanel de aproximadamente 345 m.<\/p>\n<p>Seg\u00fan lo expuesto por la documentaci\u00f3n presentada por la empresa Emesa, los objetivos del aprovechamiento son:<\/p>\n<ul>\n<li>Regular en conjunto con otros componentes del sistema hidroel\u00e9ctrico del tramo medio del r\u00edo Diamante -embalses Agua del Toro y Los Reyunos y contra embalse El Tigre- las aguas del r\u00edo Diamante para abastecer los usos consuntivos aguas abajo del sistema.<\/li>\n<li>Optimizar la producci\u00f3n hidroenerg\u00e9tica del sistema, sujeta a las restricciones que impongan las demandas h\u00eddricas para uso consuntivo.<\/li>\n<li>Generar infraestructura de base para el desarrollo de un corredor tur\u00edstico del Ca\u00f1\u00f3n del r\u00edo Diamante mediante la construcci\u00f3n de la ruta inter lagos.<\/li>\n<\/ul>\n<p>Los beneficios del aprovechamiento son los siguientes:<\/p>\n<p>-Favorecer el acceso al recurso h\u00eddrico en momentos de escasez para el sistema socioproductivo de Mendoza.<\/p>\n<p>-Permitir la generaci\u00f3n de energ\u00eda a trav\u00e9s de fuentes renovables, favoreciendo la disminuci\u00f3n en la emisi\u00f3n de gases de efecto invernadero.<\/p>\n<p>El proyecto implica aprovechamientos m\u00faltiples destinados a promover el desarrollo econ\u00f3mico y social de las comunidades asentadas en el \u00e1rea de influencia, contribuyendo al abastecimiento local de consumos humanos y actividades productivas, proveyendo la generaci\u00f3n de energ\u00eda limpia y renovable para incorporarla al Sistema Argentino de Interconexi\u00f3n (SADI) y permitiendo el desarrollo tur\u00edstico local.<\/p>\n<p>Cabe destacar que, en 2017, se aprob\u00f3 el Plan Provincial de Ordenamiento Territorial, que constituye el marco de referencia, sist\u00e9mico y espec\u00edfico, para lograr un desarrollo sustentable con objetivos, lineamientos, directrices, programas y subprogramas a cumplir. En este contexto, el Aprovechamiento Hidroel\u00e9ctrico El Baqueano se enmarca con el Programa 7 del plan: Gesti\u00f3n Integrada de los Recursos H\u00eddricos y del Territorio, que tiende a planificar el territorio acorde con la oferta del recurso h\u00eddrico disponible y sus restricciones de uso a fin de garantizar un aprovechamiento sustentable y un acceso equitativo al agua.<\/p>\n<p>Con el Objetivo 7, se busca impulsar la gesti\u00f3n integrada del recurso h\u00eddrico como elemento estrat\u00e9gico para el ordenamiento territorial, propendiendo a la preservaci\u00f3n del recurso, la eficiencia de su uso y la garant\u00eda de su acceso para el consumo humano y las actividades productivas.<\/p>\n","protected":false},"excerpt":{"rendered":"<p>En formato bimodal, se desarroll\u00f3 con normalidad la Audiencia P\u00fablica por el Proyecto Hidroel\u00e9ctrico El Baqueano en el departamento de San &#8230;<\/p>\n","protected":false},"author":7,"featured_media":124545,"comment_status":"open","ping_status":"open","sticky":false,"template":"","format":"standard","meta":{"footnotes":""},"categories":[5,10],"tags":[],"class_list":["post-124544","post","type-post","status-publish","format-standard","has-post-thumbnail","hentry","category-actualidad","category-destacadas"],"_links":{"self":[{"href":"https:\/\/vinasfm.com\/noticias\/wp-json\/wp\/v2\/posts\/124544","targetHints":{"allow":["GET"]}}],"collection":[{"href":"https:\/\/vinasfm.com\/noticias\/wp-json\/wp\/v2\/posts"}],"about":[{"href":"https:\/\/vinasfm.com\/noticias\/wp-json\/wp\/v2\/types\/post"}],"author":[{"embeddable":true,"href":"https:\/\/vinasfm.com\/noticias\/wp-json\/wp\/v2\/users\/7"}],"replies":[{"embeddable":true,"href":"https:\/\/vinasfm.com\/noticias\/wp-json\/wp\/v2\/comments?post=124544"}],"version-history":[{"count":1,"href":"https:\/\/vinasfm.com\/noticias\/wp-json\/wp\/v2\/posts\/124544\/revisions"}],"predecessor-version":[{"id":124548,"href":"https:\/\/vinasfm.com\/noticias\/wp-json\/wp\/v2\/posts\/124544\/revisions\/124548"}],"wp:featuredmedia":[{"embeddable":true,"href":"https:\/\/vinasfm.com\/noticias\/wp-json\/wp\/v2\/media\/124545"}],"wp:attachment":[{"href":"https:\/\/vinasfm.com\/noticias\/wp-json\/wp\/v2\/media?parent=124544"}],"wp:term":[{"taxonomy":"category","embeddable":true,"href":"https:\/\/vinasfm.com\/noticias\/wp-json\/wp\/v2\/categories?post=124544"},{"taxonomy":"post_tag","embeddable":true,"href":"https:\/\/vinasfm.com\/noticias\/wp-json\/wp\/v2\/tags?post=124544"}],"curies":[{"name":"wp","href":"https:\/\/api.w.org\/{rel}","templated":true}]}}