{"id":124539,"date":"2023-07-18T08:17:34","date_gmt":"2023-07-18T11:17:34","guid":{"rendered":"https:\/\/vinasfm.com\/noticias\/?p=124539"},"modified":"2023-07-18T11:46:17","modified_gmt":"2023-07-18T14:46:17","slug":"un-automovil-volco-en-ruta-143-km-305-al-sur-de-cochico","status":"publish","type":"post","link":"https:\/\/vinasfm.com\/noticias\/un-automovil-volco-en-ruta-143-km-305-al-sur-de-cochico\/","title":{"rendered":"UN AUTOM\u00d3VIL VOLC\u00d3 EN RUTA 143 KM 305, AL SUR DE COCHICO"},"content":{"rendered":"<p><strong>El d\u00eda de ayer siendo las 20:30 horas aproximadamente se toma conocimiento de un siniestro vial en Ruta 143 km 305, al sur de Cochico.<\/strong><\/p>\n<p>Por el lugar <strong>circulaba un autom\u00f3vil marc<\/strong>a <strong>Renault Logan<\/strong> con cuatro ocupantes, una familia oriunda de Neuqu\u00e9n los cuales se desplazaban de <strong>norte a sur cuya conductora por razones que se trataran de establecer pierde el dominio el rodado y termina volcado a un costado de la ruta, resultan lesionados los cuatro ocupantes con lesiones de car\u00e1cter leve.<\/strong><\/p>\n<p>Todos fueron<strong> trasladados al Hospital Regional de Santa Isabel y luego dados de alta.<\/strong><\/p>\n<p>&nbsp;<\/p>\n","protected":false},"excerpt":{"rendered":"<p>El d\u00eda de ayer siendo las 20:30 horas aproximadamente se toma conocimiento de un siniestro vial en Ruta 143 km 305, &#8230;<\/p>\n","protected":false},"author":7,"featured_media":91186,"comment_status":"open","ping_status":"open","sticky":false,"template":"","format":"standard","meta":{"footnotes":""},"categories":[5,184],"tags":[],"class_list":["post-124539","post","type-post","status-publish","format-standard","has-post-thumbnail","hentry","category-actualidad","category-siniestro-vial"],"_links":{"self":[{"href":"https:\/\/vinasfm.com\/noticias\/wp-json\/wp\/v2\/posts\/124539","targetHints":{"allow":["GET"]}}],"collection":[{"href":"https:\/\/vinasfm.com\/noticias\/wp-json\/wp\/v2\/posts"}],"about":[{"href":"https:\/\/vinasfm.com\/noticias\/wp-json\/wp\/v2\/types\/post"}],"author":[{"embeddable":true,"href":"https:\/\/vinasfm.com\/noticias\/wp-json\/wp\/v2\/users\/7"}],"replies":[{"embeddable":true,"href":"https:\/\/vinasfm.com\/noticias\/wp-json\/wp\/v2\/comments?post=124539"}],"version-history":[{"count":2,"href":"https:\/\/vinasfm.com\/noticias\/wp-json\/wp\/v2\/posts\/124539\/revisions"}],"predecessor-version":[{"id":124575,"href":"https:\/\/vinasfm.com\/noticias\/wp-json\/wp\/v2\/posts\/124539\/revisions\/124575"}],"wp:featuredmedia":[{"embeddable":true,"href":"https:\/\/vinasfm.com\/noticias\/wp-json\/wp\/v2\/media\/91186"}],"wp:attachment":[{"href":"https:\/\/vinasfm.com\/noticias\/wp-json\/wp\/v2\/media?parent=124539"}],"wp:term":[{"taxonomy":"category","embeddable":true,"href":"https:\/\/vinasfm.com\/noticias\/wp-json\/wp\/v2\/categories?post=124539"},{"taxonomy":"post_tag","embeddable":true,"href":"https:\/\/vinasfm.com\/noticias\/wp-json\/wp\/v2\/tags?post=124539"}],"curies":[{"name":"wp","href":"https:\/\/api.w.org\/{rel}","templated":true}]}}