{"id":124533,"date":"2023-07-18T08:11:15","date_gmt":"2023-07-18T11:11:15","guid":{"rendered":"https:\/\/vinasfm.com\/noticias\/?p=124533"},"modified":"2023-07-18T11:30:27","modified_gmt":"2023-07-18T14:30:27","slug":"continuan-las-actividades-para-los-ninos-en-la-segunda-semana-de-las-vacaciones-de-invierno","status":"publish","type":"post","link":"https:\/\/vinasfm.com\/noticias\/continuan-las-actividades-para-los-ninos-en-la-segunda-semana-de-las-vacaciones-de-invierno\/","title":{"rendered":"CONTIN\u00daAN LAS ACTIVIDADES PARA LOS NI\u00d1OS EN LA SEGUNDA SEMANA DE LAS VACACIONES DE INVIERNO"},"content":{"rendered":"<p><strong>La Directora de Cultura Liana Piedrafita hizo un balance de las actividades realizadas, hasta el momento, en vacaciones de invierno e invit\u00f3 a participar a los ni\u00f1os con sus familias de musicales, obras de teatro y juegos recreativos que se desarrollar\u00e1n durante la semana.<\/strong><\/p>\n<p>El cronograma de eventos programados para las vacaciones de invierno ha tenido en cuenta los barrios y distritos alvearenses, para que todos los ni\u00f1os puedan disfrutar de cada una de las propuestas, subray\u00f3 la funcionaria.<\/p>\n<p><em><strong>\u201cCuando empezaron las vacaciones de invierno, el clima no acompa\u00f1\u00f3 para realizar las actividades al aire libre, por eso, debimos buscar alternativas y llevamos la obra Colorado Color\u00edn diversi\u00f3n sin fin al Polideportivo Deportistas Alvearenses, luego, se realiz\u00f3 en la plaza Manuel Belgrano de Alvear Oeste y, el viernes 14 de julio, en el Barrio Costa del Atuel. Adem\u00e1s, cada d\u00eda hubo juegos recreativos a cargo de los profesores de la Direcci\u00f3n de Deportes\u201d.<\/strong><\/em><\/p>\n<p>El s\u00e1bado 15 de julio se present\u00f3 la obra de teatro Divertimundo: para los chicos que defienden el planeta, en el Teatro Antonio Lafalla y el domingo 16, con gran cantidad de familias presentes, a las 15h iniciaron los festejos en la plaza departamental Carlos Mar\u00eda de Alvear, hubo juegos recreativos y art\u00edsticos, talleres de pintura y la participaci\u00f3n del mago Jorge Faro con Ilusionarte. Adem\u00e1s, estuvieron los artesanos.<\/p>\n<p>La presente semana, del lunes 17 al jueves 20 de julio, a las 15h, un destacado grupo de teatro y danza presentar\u00e1 el musical El Mundo de los Superh\u00e9roes en el Barrio San Carlos, Los Ranqueles, Zangrandi y Florio. El martes 18 de julio se presenta Las aventuras de Patachueca y la sirena en el Teatro Antonio Lafalla, a las 17:30h. En el mismo lugar, el viernes 21 a partir de las 18h, se presenta la obra Misi\u00f3n Saludable, una aventura m\u00e1gica en la cocina.<\/p>\n<p><a href=\"https:\/\/vinasfm.com\/noticias\/wp-content\/uploads\/2023\/07\/WhatsApp-Image-2023-07-17-at-10.37.39.jpeg\"><img loading=\"lazy\" decoding=\"async\" class=\"wp-image-124536 aligncenter\" src=\"https:\/\/vinasfm.com\/noticias\/wp-content\/uploads\/2023\/07\/WhatsApp-Image-2023-07-17-at-10.37.39.jpeg\" alt=\"\" width=\"500\" height=\"494\" srcset=\"https:\/\/vinasfm.com\/noticias\/wp-content\/uploads\/2023\/07\/WhatsApp-Image-2023-07-17-at-10.37.39.jpeg 1410w, https:\/\/vinasfm.com\/noticias\/wp-content\/uploads\/2023\/07\/WhatsApp-Image-2023-07-17-at-10.37.39-300x297.jpeg 300w, https:\/\/vinasfm.com\/noticias\/wp-content\/uploads\/2023\/07\/WhatsApp-Image-2023-07-17-at-10.37.39-1024x1012.jpeg 1024w, https:\/\/vinasfm.com\/noticias\/wp-content\/uploads\/2023\/07\/WhatsApp-Image-2023-07-17-at-10.37.39-768x759.jpeg 768w\" sizes=\"auto, (max-width: 500px) 100vw, 500px\" \/><\/a><\/p>\n<p>El elenco El Resorte de Mendoza presentar\u00e1 la obra de teatro Lo que el agua se llev\u00f3 a las 15h en la plaza Ren\u00e9 Favaloro del Barrio Empleados de Comercio, el viernes 21, y en la Plaza San Mart\u00edn de Bowen, el s\u00e1bado 22 de julio.<\/p>\n<p><strong><em>\u201cEl domingo 23 de julio se har\u00e1 el cierre de las actividades de vacaciones de invierno en el Polideportivo Deportistas Alvearenses, a partir de las 15h, con juegos recreativos y la obra teatral Payasos de Cuentopia, que env\u00eda el Ministerio de Cultura de Mendoza\u201d<\/em><\/strong>, subray\u00f3 Liana Piedrafita.<\/p>\n<p><a href=\"https:\/\/vinasfm.com\/noticias\/wp-content\/uploads\/2023\/07\/WhatsApp-Image-2023-07-17-at-11.56.32.jpeg\"><img loading=\"lazy\" decoding=\"async\" class=\"wp-image-124537 aligncenter\" src=\"https:\/\/vinasfm.com\/noticias\/wp-content\/uploads\/2023\/07\/WhatsApp-Image-2023-07-17-at-11.56.32.jpeg\" alt=\"\" width=\"500\" height=\"494\" srcset=\"https:\/\/vinasfm.com\/noticias\/wp-content\/uploads\/2023\/07\/WhatsApp-Image-2023-07-17-at-11.56.32.jpeg 1600w, https:\/\/vinasfm.com\/noticias\/wp-content\/uploads\/2023\/07\/WhatsApp-Image-2023-07-17-at-11.56.32-300x296.jpeg 300w, https:\/\/vinasfm.com\/noticias\/wp-content\/uploads\/2023\/07\/WhatsApp-Image-2023-07-17-at-11.56.32-1024x1012.jpeg 1024w, https:\/\/vinasfm.com\/noticias\/wp-content\/uploads\/2023\/07\/WhatsApp-Image-2023-07-17-at-11.56.32-768x759.jpeg 768w, https:\/\/vinasfm.com\/noticias\/wp-content\/uploads\/2023\/07\/WhatsApp-Image-2023-07-17-at-11.56.32-1536x1518.jpeg 1536w\" sizes=\"auto, (max-width: 500px) 100vw, 500px\" \/><\/a><\/p>\n","protected":false},"excerpt":{"rendered":"<p>La Directora de Cultura Liana Piedrafita hizo un balance de las actividades realizadas, hasta el momento, en vacaciones de invierno e &#8230;<\/p>\n","protected":false},"author":7,"featured_media":124535,"comment_status":"open","ping_status":"open","sticky":false,"template":"","format":"standard","meta":{"footnotes":""},"categories":[5,19],"tags":[],"class_list":["post-124533","post","type-post","status-publish","format-standard","has-post-thumbnail","hentry","category-actualidad","category-cultura"],"_links":{"self":[{"href":"https:\/\/vinasfm.com\/noticias\/wp-json\/wp\/v2\/posts\/124533","targetHints":{"allow":["GET"]}}],"collection":[{"href":"https:\/\/vinasfm.com\/noticias\/wp-json\/wp\/v2\/posts"}],"about":[{"href":"https:\/\/vinasfm.com\/noticias\/wp-json\/wp\/v2\/types\/post"}],"author":[{"embeddable":true,"href":"https:\/\/vinasfm.com\/noticias\/wp-json\/wp\/v2\/users\/7"}],"replies":[{"embeddable":true,"href":"https:\/\/vinasfm.com\/noticias\/wp-json\/wp\/v2\/comments?post=124533"}],"version-history":[{"count":2,"href":"https:\/\/vinasfm.com\/noticias\/wp-json\/wp\/v2\/posts\/124533\/revisions"}],"predecessor-version":[{"id":124538,"href":"https:\/\/vinasfm.com\/noticias\/wp-json\/wp\/v2\/posts\/124533\/revisions\/124538"}],"wp:featuredmedia":[{"embeddable":true,"href":"https:\/\/vinasfm.com\/noticias\/wp-json\/wp\/v2\/media\/124535"}],"wp:attachment":[{"href":"https:\/\/vinasfm.com\/noticias\/wp-json\/wp\/v2\/media?parent=124533"}],"wp:term":[{"taxonomy":"category","embeddable":true,"href":"https:\/\/vinasfm.com\/noticias\/wp-json\/wp\/v2\/categories?post=124533"},{"taxonomy":"post_tag","embeddable":true,"href":"https:\/\/vinasfm.com\/noticias\/wp-json\/wp\/v2\/tags?post=124533"}],"curies":[{"name":"wp","href":"https:\/\/api.w.org\/{rel}","templated":true}]}}