{"id":124481,"date":"2023-07-16T23:16:24","date_gmt":"2023-07-17T02:16:24","guid":{"rendered":"https:\/\/vinasfm.com\/noticias\/?p=124481"},"modified":"2023-07-17T11:55:10","modified_gmt":"2023-07-17T14:55:10","slug":"un-auto-colisiono-a-una-bicicleta-en-plena-luz-del-dia","status":"publish","type":"post","link":"https:\/\/vinasfm.com\/noticias\/un-auto-colisiono-a-una-bicicleta-en-plena-luz-del-dia\/","title":{"rendered":"UN AUTO COLISION\u00d3 A UNA BICICLETA EN PLENA LUZ DEL D\u00cdA"},"content":{"rendered":"<p><strong>El hecho sucedi\u00f3 el d\u00eda s\u00e1bado cerca de las 14:00 horas en la intersecci\u00f3n de calles Diagonal Carlos Pellegrini y Pedro Escud\u00e9.\u00a0<\/strong><\/p>\n<p>Por\u00a0 Carlos <strong><em>Pellegrini circulaba un automovil en direcci\u00f3n sureste a noreste<\/em> y al llegar a la intersecci\u00f3n con Calle Pedro Escud\u00e9 colisiona una bicicleta<\/strong> la cual era conducida por una ciudadana, quien <em><strong>result\u00f3 con lesiones de car\u00e1cter leve<\/strong><\/em>, no obstante ello fue trasladada al hospital Enfermeros Argentinos para su examen.<\/p>\n<p>&nbsp;<\/p>\n","protected":false},"excerpt":{"rendered":"<p>El hecho sucedi\u00f3 el d\u00eda s\u00e1bado cerca de las 14:00 horas en la intersecci\u00f3n de calles Diagonal Carlos Pellegrini y Pedro &#8230;<\/p>\n","protected":false},"author":7,"featured_media":124501,"comment_status":"open","ping_status":"open","sticky":false,"template":"","format":"standard","meta":{"footnotes":""},"categories":[5,184],"tags":[],"class_list":["post-124481","post","type-post","status-publish","format-standard","has-post-thumbnail","hentry","category-actualidad","category-siniestro-vial"],"_links":{"self":[{"href":"https:\/\/vinasfm.com\/noticias\/wp-json\/wp\/v2\/posts\/124481","targetHints":{"allow":["GET"]}}],"collection":[{"href":"https:\/\/vinasfm.com\/noticias\/wp-json\/wp\/v2\/posts"}],"about":[{"href":"https:\/\/vinasfm.com\/noticias\/wp-json\/wp\/v2\/types\/post"}],"author":[{"embeddable":true,"href":"https:\/\/vinasfm.com\/noticias\/wp-json\/wp\/v2\/users\/7"}],"replies":[{"embeddable":true,"href":"https:\/\/vinasfm.com\/noticias\/wp-json\/wp\/v2\/comments?post=124481"}],"version-history":[{"count":3,"href":"https:\/\/vinasfm.com\/noticias\/wp-json\/wp\/v2\/posts\/124481\/revisions"}],"predecessor-version":[{"id":124502,"href":"https:\/\/vinasfm.com\/noticias\/wp-json\/wp\/v2\/posts\/124481\/revisions\/124502"}],"wp:featuredmedia":[{"embeddable":true,"href":"https:\/\/vinasfm.com\/noticias\/wp-json\/wp\/v2\/media\/124501"}],"wp:attachment":[{"href":"https:\/\/vinasfm.com\/noticias\/wp-json\/wp\/v2\/media?parent=124481"}],"wp:term":[{"taxonomy":"category","embeddable":true,"href":"https:\/\/vinasfm.com\/noticias\/wp-json\/wp\/v2\/categories?post=124481"},{"taxonomy":"post_tag","embeddable":true,"href":"https:\/\/vinasfm.com\/noticias\/wp-json\/wp\/v2\/tags?post=124481"}],"curies":[{"name":"wp","href":"https:\/\/api.w.org\/{rel}","templated":true}]}}