{"id":124479,"date":"2023-07-18T08:50:24","date_gmt":"2023-07-18T11:50:24","guid":{"rendered":"https:\/\/vinasfm.com\/noticias\/?p=124479"},"modified":"2023-07-18T18:52:26","modified_gmt":"2023-07-18T21:52:26","slug":"se-nutre-el-deporte-en-alvear-llega-una-clinica-destinada-al-futsal","status":"publish","type":"post","link":"https:\/\/vinasfm.com\/noticias\/se-nutre-el-deporte-en-alvear-llega-una-clinica-destinada-al-futsal\/","title":{"rendered":"SE NUTRE EL DEPORTE EN ALVEAR, LLEGA UNA CL\u00cdNICA DESTINADA AL FUTSAL"},"content":{"rendered":"<h4>Concejales de diferentes sectores se encuentran trabajando en un proyecto que apunta al crecimiento del deporte en nuestro departamento<\/h4>\n<p>El s\u00e1bado pasado se hicieron presentes en \u00abPuntos de Vista\u00bb los concejales Hern\u00e1n Climent (UCR) y Hebe Katzer (PJ) para hablar de los diferentes proyectos que ambos partidos pol\u00edticos est\u00e1n llevando a cabo, en primer lugar comenzaron hablando de un proyecto que se trato en el HCD (Honorable Concejo Deliberante) y luego detallaron el trabajo en conjunto que se esta desarrollando, en este caso tiene que ver con el deporte local.<\/p>\n<p>Asimismo el concejal Hern\u00e1n Climent destaco lo que es trabajar con partidos pol\u00edticos diferentes: <em><strong>&#8216;cabe destacar esto porque buscamos los concesos necesarios en la pol\u00edtica para estar cada d\u00eda un poco mejor, la comunicaci\u00f3n entre bloques es buena, las diferencias partidarias existen y se defienden pero sobre todo se pone arriba de la mesa la sala de convicci\u00f3n, proyectos y discusiones de los alvearenses y tratamos que sea lo mas maduro posible, no hay conceso si no hay dialogo, no somos tantos alvearenses como para no ponernos de acuerdo, es una ciudad con vida de pueblo, nos conocemos todos y conocemos hasta las necesidades que tenemos, diferimos en los puntos de vistas muchas veces pero el final siempre es el mismo que es buscar el bienestar de la gente&#8217;<\/strong><\/em><\/p>\n<p>Con respecto al trabajo sobre el deporte local, se tiene en vista realizar la pr\u00f3xima semana una cl\u00ednica de futsal, sobre esto Hebe Katzer dijo: <em><strong>&#8216;todo lo que tiene que ver con f\u00fatbol pasa por la liga alvearense, en este momento el presidente es Homero con quien tuvimos una Reuni\u00f3n, todo esto surge en una Reuni\u00f3n que se hizo en Villa Atuel, hay un sector de Alvear que esta avocado al deporte, lo comente con Hern\u00e1n y desde ese momento nos pusimos en campa\u00f1a para poder desarrollarlo, desde el consejo deliberante que pone una parte para la organizaci\u00f3n, direcci\u00f3n de deportes, la liga luego contactamos a Fernando \u00c1lvarez que es un profe de 61 a\u00f1os que ha dado su vida por el futsal junto a Gustavo Juri, esta capacitaci\u00f3n se va realizando a medida que el equipo vaya jugando, en este caso es una cl\u00ednica y lo bueno es que se sumaron todos, es el 28 y 29 de julio, se har\u00e1 por la noche, el viernes de 21:00 hs a 23:00 y el d\u00eda s\u00e1bado es de 10:00 a 12:00&#8217;<\/strong><\/em><\/p>\n<p>&nbsp;<\/p>\n","protected":false},"excerpt":{"rendered":"<p>Concejales de diferentes sectores se encuentran trabajando en un proyecto que apunta al crecimiento del deporte en nuestro departamento El s\u00e1bado &#8230;<\/p>\n","protected":false},"author":7,"featured_media":124543,"comment_status":"open","ping_status":"open","sticky":false,"template":"","format":"standard","meta":{"footnotes":""},"categories":[5,3],"tags":[],"class_list":["post-124479","post","type-post","status-publish","format-standard","has-post-thumbnail","hentry","category-actualidad","category-deportes"],"_links":{"self":[{"href":"https:\/\/vinasfm.com\/noticias\/wp-json\/wp\/v2\/posts\/124479","targetHints":{"allow":["GET"]}}],"collection":[{"href":"https:\/\/vinasfm.com\/noticias\/wp-json\/wp\/v2\/posts"}],"about":[{"href":"https:\/\/vinasfm.com\/noticias\/wp-json\/wp\/v2\/types\/post"}],"author":[{"embeddable":true,"href":"https:\/\/vinasfm.com\/noticias\/wp-json\/wp\/v2\/users\/7"}],"replies":[{"embeddable":true,"href":"https:\/\/vinasfm.com\/noticias\/wp-json\/wp\/v2\/comments?post=124479"}],"version-history":[{"count":2,"href":"https:\/\/vinasfm.com\/noticias\/wp-json\/wp\/v2\/posts\/124479\/revisions"}],"predecessor-version":[{"id":124549,"href":"https:\/\/vinasfm.com\/noticias\/wp-json\/wp\/v2\/posts\/124479\/revisions\/124549"}],"wp:featuredmedia":[{"embeddable":true,"href":"https:\/\/vinasfm.com\/noticias\/wp-json\/wp\/v2\/media\/124543"}],"wp:attachment":[{"href":"https:\/\/vinasfm.com\/noticias\/wp-json\/wp\/v2\/media?parent=124479"}],"wp:term":[{"taxonomy":"category","embeddable":true,"href":"https:\/\/vinasfm.com\/noticias\/wp-json\/wp\/v2\/categories?post=124479"},{"taxonomy":"post_tag","embeddable":true,"href":"https:\/\/vinasfm.com\/noticias\/wp-json\/wp\/v2\/tags?post=124479"}],"curies":[{"name":"wp","href":"https:\/\/api.w.org\/{rel}","templated":true}]}}