{"id":124477,"date":"2023-07-17T09:28:18","date_gmt":"2023-07-17T12:28:18","guid":{"rendered":"https:\/\/vinasfm.com\/noticias\/?p=124477"},"modified":"2023-07-18T08:18:44","modified_gmt":"2023-07-18T11:18:44","slug":"ivan-bermudez-debemos-respetar-y-hacer-respetar-las-normas","status":"publish","type":"post","link":"https:\/\/vinasfm.com\/noticias\/ivan-bermudez-debemos-respetar-y-hacer-respetar-las-normas\/","title":{"rendered":"IV\u00c1N BERM\u00daDEZ: \u201cDEBEMOS RESPETAR Y HACER RESPETAR LAS NORMAS\u201d"},"content":{"rendered":"<p><strong>El Jefe de la Polic\u00eda Departamental brind\u00f3 detalles sobre la actualidad policial en el departamento.<\/strong><\/p>\n<p>En primer t\u00e9rmino se refiri\u00f3 al fluido vehicular en algunas zonas del departamento en relaci\u00f3n al funcionamiento de los Pasos Internacionales, <strong><em>\u201ccuando tuvimos el primer cierre prolongado de Libertadores se notaba sobre Rutas 143 y 188 la circulaci\u00f3n de transporte internacional ya que a veces los camioneros optaban por buscar los pasos del sur y esto implicaba que se notaran tan cargadas las rutas del departamento\u201d,<\/em><\/strong> expres\u00f3 <span style=\"color: #800080;\"><strong>Berm\u00fadez.<\/strong><\/span> Ya sea por desconocimiento o por la decisi\u00f3n tomar caminos m\u00e1s cortos, los camiones transitaban por el radio urbano lo cual <strong><em>\u201crepresentaba un potencial problema para los ciudadanos\u201d.<\/em><\/strong><\/p>\n<p>En cuanto a la apertura de los Pasos Internacionales explic\u00f3 que se debe <strong><em>\u201crealizar un gran trabajo de log\u00edstica, sobre todo en el aparcamiento de los camiones\u201d. <\/em><\/strong>Durante el uso del PCR, debido a la pandemia de COVID-19, se llegaron a acumular cerca de 6.000 camiones; \u201c<strong><em>en la mayor\u00eda de los casos se comienza a liberar seg\u00fan los d\u00edas de espera que lleven los camioneros, sobre todo porque algunos deben realizar viajes de m\u00e1s de 30 d\u00eda, <\/em><\/strong>detall\u00f3 en el aire de <span style=\"color: #0000ff;\"><strong>FM VI\u00d1AS<\/strong><\/span>. Para resguardar a los transportistas se los asiste con razonamientos de comida, ba\u00f1os y asistencia lum\u00ednica y sanitaria.<\/p>\n<h2>LA SEGURIDAD EN EL DEPARTAMENTO<\/h2>\n<p>Berm\u00fadez asumi\u00f3 su cargo el 23 de febrero del corriente a\u00f1o y en los casi 5 meses que lleva presente en el departamento destac\u00f3 que <strong><em>\u201cno se han presenciado hechos de gran relevancia\u201d<\/em><\/strong>, pero reconoci\u00f3 que <strong><em>\u201ccualquier hecho, como la sustracci\u00f3n de una bicicleta, es un gran problema para la v\u00edctima y se debe trabajar con la misma importancia y responsabilidad\u201d.<\/em><\/strong><\/p>\n<p>El Comisario Iv\u00e1n Berm\u00fadez explic\u00f3 que <strong><em>\u201cel delito tiene la capacidad de ir mutando\u201d<\/em><\/strong> y se nota cuando los malhechores quedan a disposici\u00f3n de la Justicia, sobre todo en el caso de los menores de edad. <strong><em>\u201cCuando est\u00e1n a disposici\u00f3n de la Justica dejan de ser frecuentes los robos de motos, que son los que m\u00e1s se dan. Pero cuando est\u00e1n de nuevo en la calle vuelen a delinquir\u201d. <\/em><\/strong><\/p>\n<h2>EL MANEJO DE LA POLIC\u00cdA DEPARTAMENTAL<\/h2>\n<p>En t\u00e9rminos generales, Berm\u00fadez expres\u00f3 que <strong><em>\u201chay situaciones dificultan el trabajo. Existen conductas del personal que uno no entiende pero no se puede estar todo el tiempo controlando a 200 personas\u201d. <\/em><\/strong><\/p>\n<p>General Alvear tiene presente una gran raci\u00f3n de personal policial que no es oriundo del departamento. Ante la duda de que si esto presenta alg\u00fan problema para la actividad policial en el departamento se\u00f1al\u00f3 que <strong><em>\u201cal momento de disponer la circulaci\u00f3n de un m\u00f3vil se debe asignar a personal que conozca las calles del departamento y eso se soluciona con el personal que es oriundo del departamento\u201d<\/em><\/strong><\/p>\n<p>Por \u00faltimo, el Comisario Iv\u00e1n Berm\u00fadez subray\u00f3 que <em><strong>\u201cel Personal Policial es una de las patas m\u00e1s importantes del Estado y por ello es necesario respetar y hacer respetar cada una de las normas existentes\u201d.<\/strong><\/em><\/p>\n","protected":false},"excerpt":{"rendered":"<p>El Jefe de la Polic\u00eda Departamental brind\u00f3 detalles sobre la actualidad policial en el departamento. En primer t\u00e9rmino se refiri\u00f3 al &#8230;<\/p>\n","protected":false},"author":7,"featured_media":124498,"comment_status":"open","ping_status":"open","sticky":false,"template":"","format":"standard","meta":{"footnotes":""},"categories":[5,10],"tags":[],"class_list":["post-124477","post","type-post","status-publish","format-standard","has-post-thumbnail","hentry","category-actualidad","category-destacadas"],"_links":{"self":[{"href":"https:\/\/vinasfm.com\/noticias\/wp-json\/wp\/v2\/posts\/124477","targetHints":{"allow":["GET"]}}],"collection":[{"href":"https:\/\/vinasfm.com\/noticias\/wp-json\/wp\/v2\/posts"}],"about":[{"href":"https:\/\/vinasfm.com\/noticias\/wp-json\/wp\/v2\/types\/post"}],"author":[{"embeddable":true,"href":"https:\/\/vinasfm.com\/noticias\/wp-json\/wp\/v2\/users\/7"}],"replies":[{"embeddable":true,"href":"https:\/\/vinasfm.com\/noticias\/wp-json\/wp\/v2\/comments?post=124477"}],"version-history":[{"count":2,"href":"https:\/\/vinasfm.com\/noticias\/wp-json\/wp\/v2\/posts\/124477\/revisions"}],"predecessor-version":[{"id":124499,"href":"https:\/\/vinasfm.com\/noticias\/wp-json\/wp\/v2\/posts\/124477\/revisions\/124499"}],"wp:featuredmedia":[{"embeddable":true,"href":"https:\/\/vinasfm.com\/noticias\/wp-json\/wp\/v2\/media\/124498"}],"wp:attachment":[{"href":"https:\/\/vinasfm.com\/noticias\/wp-json\/wp\/v2\/media?parent=124477"}],"wp:term":[{"taxonomy":"category","embeddable":true,"href":"https:\/\/vinasfm.com\/noticias\/wp-json\/wp\/v2\/categories?post=124477"},{"taxonomy":"post_tag","embeddable":true,"href":"https:\/\/vinasfm.com\/noticias\/wp-json\/wp\/v2\/tags?post=124477"}],"curies":[{"name":"wp","href":"https:\/\/api.w.org\/{rel}","templated":true}]}}