{"id":124469,"date":"2023-07-15T10:33:44","date_gmt":"2023-07-15T13:33:44","guid":{"rendered":"https:\/\/vinasfm.com\/noticias\/?p=124469"},"modified":"2023-07-16T23:20:34","modified_gmt":"2023-07-17T02:20:34","slug":"asi-estara-el-tiempo-estos-dias-en-el-departamento","status":"publish","type":"post","link":"https:\/\/vinasfm.com\/noticias\/asi-estara-el-tiempo-estos-dias-en-el-departamento\/","title":{"rendered":"AS\u00cd ESTARA EL TIEMPO ESTOS D\u00cdAS EN EL DEPARTAMENTO"},"content":{"rendered":"<p>Siguen las bajas temperaturas en el departamento adentr\u00e1ndonos a la segunda semana de las vacaciones de invierno<\/p>\n<p><em><strong>S\u00e1bado <\/strong><\/em><\/p>\n<p>Viento sureste moderado, algo de nubosidad<\/p>\n<p><em><strong>M\u00e1xima<\/strong><\/em> 12 \u00b0C <em><strong>M\u00ednima<\/strong><\/em> 1 \u00b0C<\/p>\n<p><em><strong>Domingo<\/strong><\/em><\/p>\n<p>Viento sureste de intensidad moderada, cielo con algo de nubosidad<\/p>\n<p><em><strong> M\u00e1xima<\/strong><\/em> 12 \u00b0C <em><strong>M\u00ednima<\/strong><\/em> 0 \u00b0C<\/p>\n<p><em><strong>Lunes <\/strong><\/em><\/p>\n<p>Viento sureste moderado, cielo con nubosidad<\/p>\n<p><em><strong>M\u00e1xima<\/strong><\/em> 14 \u00b0C <em><strong>M\u00ednima<\/strong><\/em> 1 \u00b0C<\/p>\n","protected":false},"excerpt":{"rendered":"<p>Siguen las bajas temperaturas en el departamento adentr\u00e1ndonos a la segunda semana de las vacaciones de invierno S\u00e1bado Viento sureste moderado, &#8230;<\/p>\n","protected":false},"author":7,"featured_media":124470,"comment_status":"open","ping_status":"open","sticky":false,"template":"","format":"standard","meta":{"footnotes":""},"categories":[1],"tags":[],"class_list":["post-124469","post","type-post","status-publish","format-standard","has-post-thumbnail","hentry","category-fmvinas"],"_links":{"self":[{"href":"https:\/\/vinasfm.com\/noticias\/wp-json\/wp\/v2\/posts\/124469","targetHints":{"allow":["GET"]}}],"collection":[{"href":"https:\/\/vinasfm.com\/noticias\/wp-json\/wp\/v2\/posts"}],"about":[{"href":"https:\/\/vinasfm.com\/noticias\/wp-json\/wp\/v2\/types\/post"}],"author":[{"embeddable":true,"href":"https:\/\/vinasfm.com\/noticias\/wp-json\/wp\/v2\/users\/7"}],"replies":[{"embeddable":true,"href":"https:\/\/vinasfm.com\/noticias\/wp-json\/wp\/v2\/comments?post=124469"}],"version-history":[{"count":1,"href":"https:\/\/vinasfm.com\/noticias\/wp-json\/wp\/v2\/posts\/124469\/revisions"}],"predecessor-version":[{"id":124472,"href":"https:\/\/vinasfm.com\/noticias\/wp-json\/wp\/v2\/posts\/124469\/revisions\/124472"}],"wp:featuredmedia":[{"embeddable":true,"href":"https:\/\/vinasfm.com\/noticias\/wp-json\/wp\/v2\/media\/124470"}],"wp:attachment":[{"href":"https:\/\/vinasfm.com\/noticias\/wp-json\/wp\/v2\/media?parent=124469"}],"wp:term":[{"taxonomy":"category","embeddable":true,"href":"https:\/\/vinasfm.com\/noticias\/wp-json\/wp\/v2\/categories?post=124469"},{"taxonomy":"post_tag","embeddable":true,"href":"https:\/\/vinasfm.com\/noticias\/wp-json\/wp\/v2\/tags?post=124469"}],"curies":[{"name":"wp","href":"https:\/\/api.w.org\/{rel}","templated":true}]}}