{"id":124467,"date":"2023-07-14T21:13:25","date_gmt":"2023-07-15T00:13:25","guid":{"rendered":"https:\/\/vinasfm.com\/noticias\/?p=124467"},"modified":"2023-07-14T21:13:25","modified_gmt":"2023-07-15T00:13:25","slug":"se-presentara-una-actividad-para-la-prevencion-del-trabajo-infantil-en-la-zona-rural","status":"publish","type":"post","link":"https:\/\/vinasfm.com\/noticias\/se-presentara-una-actividad-para-la-prevencion-del-trabajo-infantil-en-la-zona-rural\/","title":{"rendered":"SE PRESENTARA UNA ACTIVIDAD PARA LA PREVENCI\u00d3N DEL TRABAJO INFANTIL EN LA ZONA RURAL"},"content":{"rendered":"<h4><strong>Se lanzar\u00e1 un diplomado de tres meses y medio a trav\u00e9s de clases virtuales. Tambi\u00e9n se compartir\u00e1n los resultados de un estudio sobre trabajo infantil en la cadena vitivin\u00edcola y en la producci\u00f3n de ajo y tomate. Habr\u00e1 inscripciones gratuitas y posibilidad de becas<\/strong><\/h4>\n<p>Sin dudas es una gran iniciativa que aborda una tem\u00e1tica muy importante como lo son los derechos de los ni\u00f1os, ni\u00f1as y adolescentes, el viernes por la ma\u00f1ana se presento esta actividad en el honorable consejo deliberante, una de sus impulsoras es la Subsecretaria de Gobierno Norma Ruiz quien destaco lo siguiente: <em><strong>&#8216;la idea es poder seguir visibilizando y promocionando los derechos de nuestras ni\u00f1as, ni\u00f1as y adolescentes, en esta oportunidad nos acompa\u00f1a la licenciada Nilda Klein que pertenece a COPRETI junto a la licenciada Leticia Sep\u00falveda del \u00e1rea de vinculaci\u00f3n de la Universidad Nacional de Cuyo&#8217;<\/strong><\/em><\/p>\n<p>En primer lugar Nilda Klein entro en detalles sobre el proyecto: <em><strong>&#8216;la actividad que vamos a tener tiene que ver justamente con una propuesta de la UIT(La Uni\u00f3n Internacional de Telecomunicaciones), un programa de la UIT de Argentina que se llama el programa UPSAI y que tiene con la finalidad justamente hacer mecanismos de propuestas de formaci\u00f3n para la erradicaci\u00f3n del trabajo infantil enfocado en la zona rural&#8217;<\/strong><\/em><\/p>\n<p><em><strong>&#8216;Dentro de esos trabajos que se est\u00e1 haciendo en toda la provincia ha surgido justamente esta actividad de la diplomatura que tiene como finalidad que nos podamos formar, tomar conocimiento y sensibilizar el trabajo infantil, ese es el gran problema que tenemos sobre todo en nuestro departamento, es que est\u00e1 naturalizado, por lo tanto no se visibiliza&#8217;<\/strong><\/em><\/p>\n<p><em><strong>&#8216;La idea de este proyecto es que tenga un enfoque territorial, es decir, que est\u00e9 bien enfocado a todos los agentes territoriales que trabajan directo o indirectamente en la problem\u00e1tica, sobre todo a nivel local, en los municipios. Y que tenga una mirada integral, teniendo en cuenta que esto es una problem\u00e1tica que abarca muchos sectores y que tiene muchas dimensiones&#8217;<\/strong><\/em> comenz\u00f3 diciendo <span style=\"color: #000080;\"><em><strong>Leticia Sep\u00falveda\u00a0<\/strong><\/em><\/span><\/p>\n<p>La inscripci\u00f3n es gratis pero tambi\u00e9n\u00a0 cuentan con un diplomado que es una una oferta de formaci\u00f3n un poco m\u00e1s corta que la diplomatura, se difundir\u00e1n las inscripciones para que todos los interesados puedan inscribirse y conocer en detalle la propuesta, adem\u00e1s se har\u00e1 una preselecci\u00f3n porque es con cupos y tambi\u00e9n est\u00e1 previsto la posibilidad de becas para el acceso a la formaci\u00f3n.<\/p>\n","protected":false},"excerpt":{"rendered":"<p>Se lanzar\u00e1 un diplomado de tres meses y medio a trav\u00e9s de clases virtuales. Tambi\u00e9n se compartir\u00e1n los resultados de un &#8230;<\/p>\n","protected":false},"author":7,"featured_media":114121,"comment_status":"open","ping_status":"open","sticky":false,"template":"","format":"standard","meta":{"footnotes":""},"categories":[1],"tags":[],"class_list":["post-124467","post","type-post","status-publish","format-standard","has-post-thumbnail","hentry","category-fmvinas"],"_links":{"self":[{"href":"https:\/\/vinasfm.com\/noticias\/wp-json\/wp\/v2\/posts\/124467","targetHints":{"allow":["GET"]}}],"collection":[{"href":"https:\/\/vinasfm.com\/noticias\/wp-json\/wp\/v2\/posts"}],"about":[{"href":"https:\/\/vinasfm.com\/noticias\/wp-json\/wp\/v2\/types\/post"}],"author":[{"embeddable":true,"href":"https:\/\/vinasfm.com\/noticias\/wp-json\/wp\/v2\/users\/7"}],"replies":[{"embeddable":true,"href":"https:\/\/vinasfm.com\/noticias\/wp-json\/wp\/v2\/comments?post=124467"}],"version-history":[{"count":1,"href":"https:\/\/vinasfm.com\/noticias\/wp-json\/wp\/v2\/posts\/124467\/revisions"}],"predecessor-version":[{"id":124468,"href":"https:\/\/vinasfm.com\/noticias\/wp-json\/wp\/v2\/posts\/124467\/revisions\/124468"}],"wp:featuredmedia":[{"embeddable":true,"href":"https:\/\/vinasfm.com\/noticias\/wp-json\/wp\/v2\/media\/114121"}],"wp:attachment":[{"href":"https:\/\/vinasfm.com\/noticias\/wp-json\/wp\/v2\/media?parent=124467"}],"wp:term":[{"taxonomy":"category","embeddable":true,"href":"https:\/\/vinasfm.com\/noticias\/wp-json\/wp\/v2\/categories?post=124467"},{"taxonomy":"post_tag","embeddable":true,"href":"https:\/\/vinasfm.com\/noticias\/wp-json\/wp\/v2\/tags?post=124467"}],"curies":[{"name":"wp","href":"https:\/\/api.w.org\/{rel}","templated":true}]}}