{"id":124463,"date":"2023-07-14T19:03:52","date_gmt":"2023-07-14T22:03:52","guid":{"rendered":"https:\/\/vinasfm.com\/noticias\/?p=124463"},"modified":"2023-07-17T10:47:27","modified_gmt":"2023-07-17T13:47:27","slug":"se-aproxima-la-edicion-58-de-las-olimpiadas-de-la-escuela-de-agricultura-siguiendo-huellas-sembrando-pasiones","status":"publish","type":"post","link":"https:\/\/vinasfm.com\/noticias\/se-aproxima-la-edicion-58-de-las-olimpiadas-de-la-escuela-de-agricultura-siguiendo-huellas-sembrando-pasiones\/","title":{"rendered":"SE APROXIMA LA EDICI\u00d3N 58\u00b0 DE LAS OLIMPIADAS DE LA ESCUELA DE AGRICULTURA, \u201cSIGUIENDO HUELLAS, SEMBRANDO PASIONES\u201d\u00a0"},"content":{"rendered":"<p><b><span data-contrast=\"auto\">Las alumnas Mar\u00eda Luz Ben\u00edtez, Valentina Ag\u00fcero Dom\u00ednguez y Constanza G\u00f3mez dieron detalles de lo que ser\u00e1 la nueva edici\u00f3n de las olimpiadas organizadas por los alumnos de 5\u00b0 a\u00f1o de la EA. Las olimpiadas se desarrollar\u00e1n desde el 15 al 20 de agosto. <\/span><\/b><span data-ccp-props=\"{&quot;201341983&quot;:0,&quot;335551550&quot;:0,&quot;335551620&quot;:0,&quot;335559739&quot;:160,&quot;335559740&quot;:259}\">\u00a0<\/span><\/p>\n<p><span data-contrast=\"auto\">Con muchas expectativas, la \u201dFamilia Chacarera\u201d se prepara para recibir las 58\u00b0 Olimpiadas.<\/span><b><i><span data-contrast=\"auto\"> \u201cEs un gran trabajo en conjunto con la participaci\u00f3n de cada \u00e1rea y curso de la instituci\u00f3n\u201d<\/span><\/i><\/b><span data-contrast=\"auto\">, expres\u00f3 Dom\u00ednguez. <\/span><span data-ccp-props=\"{&quot;201341983&quot;:0,&quot;335559739&quot;:160,&quot;335559740&quot;:259}\">\u00a0<\/span><\/p>\n<p><span data-contrast=\"auto\">Se espera recibir un total de 400 personas que conforman las 12 delegaciones provenientes de Uruguay, Chile, Bs. As., Jujuy, La Rioja, C\u00f3rdoba, Mendoza y escala local. En cuanto al alojamiento de los j\u00f3venes deportistas explicaron que <\/span><b><i><span data-contrast=\"auto\">buscan repetir la metodolog\u00eda usada en a\u00f1os anteriores y alojarlos en los hogares de los alumnos. <\/span><\/i><\/b><span data-ccp-props=\"{&quot;201341983&quot;:0,&quot;335559739&quot;:160,&quot;335559740&quot;:259}\">\u00a0<\/span><\/p>\n<p><span data-contrast=\"auto\">Adem\u00e1s, G\u00f3mez destac\u00f3 que la presencia de los deportistas y sus acompa\u00f1antes se traduce un gran impacto para la econom\u00eda y la cultura alvearense, <\/span><b><i><span data-contrast=\"auto\">\u201cnuestro prop\u00f3sito es que disfruten y puedan conocer nuestro departamento, es por eso que estamos organizando excursiones que podr\u00e1n realizar durante la estad\u00eda\u201d.<\/span><\/i><\/b><span data-ccp-props=\"{&quot;134233117&quot;:false,&quot;134233118&quot;:false,&quot;201341983&quot;:0,&quot;335551550&quot;:1,&quot;335551620&quot;:1,&quot;335559685&quot;:0,&quot;335559737&quot;:0,&quot;335559738&quot;:0,&quot;335559739&quot;:160,&quot;335559740&quot;:259}\">\u00a0<\/span><\/p>\n<p><span data-contrast=\"auto\">Ben\u00edtez se\u00f1al\u00f3 que \u201c<\/span><b><i><span data-contrast=\"auto\">en cada edici\u00f3n siempre hay un gran acompa\u00f1amiento de la comunidad y se espera que este a\u00f1o se repita\u201d. <\/span><\/i><\/b><span data-ccp-props=\"{&quot;134233117&quot;:false,&quot;134233118&quot;:false,&quot;201341983&quot;:0,&quot;335551550&quot;:1,&quot;335551620&quot;:1,&quot;335559685&quot;:0,&quot;335559737&quot;:0,&quot;335559738&quot;:0,&quot;335559739&quot;:160,&quot;335559740&quot;:259}\">\u00a0<\/span><\/p>\n<p><span data-contrast=\"auto\">La organizaci\u00f3n de las 58\u00b0 Olimpiadas de la Escuela de Agricultura cuenta con el <\/span><span data-contrast=\"auto\">trabajo articulado de las Instituciones educativas, clubes deportivos, HCD y acuerdos con empresarios gastron\u00f3micos y alojamiento local para poder albergar a las delegaciones que a\u00f1o a a\u00f1o renuevan cada edici\u00f3n siendo parte de la \u201cFamilia Chacarera\u201d que conforma la Escuela de Agricultura.<\/span><span data-ccp-props=\"{&quot;134233117&quot;:false,&quot;134233118&quot;:false,&quot;201341983&quot;:0,&quot;335551550&quot;:1,&quot;335551620&quot;:1,&quot;335559685&quot;:0,&quot;335559737&quot;:0,&quot;335559738&quot;:0,&quot;335559739&quot;:160,&quot;335559740&quot;:259}\">\u00a0<\/span><\/p>\n<h2><span data-contrast=\"auto\">Disciplinas <\/span><span data-ccp-props=\"{&quot;134233117&quot;:false,&quot;134233118&quot;:false,&quot;201341983&quot;:0,&quot;335551550&quot;:1,&quot;335551620&quot;:1,&quot;335559685&quot;:0,&quot;335559737&quot;:0,&quot;335559738&quot;:0,&quot;335559739&quot;:160,&quot;335559740&quot;:259}\">\u00a0<\/span><\/h2>\n<p>&nbsp;<\/p>\n<p><a href=\"https:\/\/vinasfm.com\/noticias\/wp-content\/uploads\/2023\/07\/WhatsApp-Image-2023-07-15-at-13.24.36.jpeg\"><img loading=\"lazy\" decoding=\"async\" class=\"alignnone size-full wp-image-124511\" src=\"https:\/\/vinasfm.com\/noticias\/wp-content\/uploads\/2023\/07\/WhatsApp-Image-2023-07-15-at-13.24.36.jpeg\" alt=\"\" width=\"1280\" height=\"720\" srcset=\"https:\/\/vinasfm.com\/noticias\/wp-content\/uploads\/2023\/07\/WhatsApp-Image-2023-07-15-at-13.24.36.jpeg 1280w, https:\/\/vinasfm.com\/noticias\/wp-content\/uploads\/2023\/07\/WhatsApp-Image-2023-07-15-at-13.24.36-300x169.jpeg 300w, https:\/\/vinasfm.com\/noticias\/wp-content\/uploads\/2023\/07\/WhatsApp-Image-2023-07-15-at-13.24.36-1024x576.jpeg 1024w, https:\/\/vinasfm.com\/noticias\/wp-content\/uploads\/2023\/07\/WhatsApp-Image-2023-07-15-at-13.24.36-768x432.jpeg 768w, https:\/\/vinasfm.com\/noticias\/wp-content\/uploads\/2023\/07\/WhatsApp-Image-2023-07-15-at-13.24.36-1140x641.jpeg 1140w\" sizes=\"auto, (max-width: 1280px) 100vw, 1280px\" \/><\/a><\/p>\n","protected":false},"excerpt":{"rendered":"<p>Las alumnas Mar\u00eda Luz Ben\u00edtez, Valentina Ag\u00fcero Dom\u00ednguez y Constanza G\u00f3mez dieron detalles de lo que ser\u00e1 la nueva edici\u00f3n de &#8230;<\/p>\n","protected":false},"author":7,"featured_media":12850,"comment_status":"open","ping_status":"open","sticky":false,"template":"","format":"standard","meta":{"footnotes":""},"categories":[5,3],"tags":[],"class_list":["post-124463","post","type-post","status-publish","format-standard","has-post-thumbnail","hentry","category-actualidad","category-deportes"],"_links":{"self":[{"href":"https:\/\/vinasfm.com\/noticias\/wp-json\/wp\/v2\/posts\/124463","targetHints":{"allow":["GET"]}}],"collection":[{"href":"https:\/\/vinasfm.com\/noticias\/wp-json\/wp\/v2\/posts"}],"about":[{"href":"https:\/\/vinasfm.com\/noticias\/wp-json\/wp\/v2\/types\/post"}],"author":[{"embeddable":true,"href":"https:\/\/vinasfm.com\/noticias\/wp-json\/wp\/v2\/users\/7"}],"replies":[{"embeddable":true,"href":"https:\/\/vinasfm.com\/noticias\/wp-json\/wp\/v2\/comments?post=124463"}],"version-history":[{"count":3,"href":"https:\/\/vinasfm.com\/noticias\/wp-json\/wp\/v2\/posts\/124463\/revisions"}],"predecessor-version":[{"id":124513,"href":"https:\/\/vinasfm.com\/noticias\/wp-json\/wp\/v2\/posts\/124463\/revisions\/124513"}],"wp:featuredmedia":[{"embeddable":true,"href":"https:\/\/vinasfm.com\/noticias\/wp-json\/wp\/v2\/media\/12850"}],"wp:attachment":[{"href":"https:\/\/vinasfm.com\/noticias\/wp-json\/wp\/v2\/media?parent=124463"}],"wp:term":[{"taxonomy":"category","embeddable":true,"href":"https:\/\/vinasfm.com\/noticias\/wp-json\/wp\/v2\/categories?post=124463"},{"taxonomy":"post_tag","embeddable":true,"href":"https:\/\/vinasfm.com\/noticias\/wp-json\/wp\/v2\/tags?post=124463"}],"curies":[{"name":"wp","href":"https:\/\/api.w.org\/{rel}","templated":true}]}}