{"id":124460,"date":"2023-07-14T18:39:33","date_gmt":"2023-07-14T21:39:33","guid":{"rendered":"https:\/\/vinasfm.com\/noticias\/?p=124460"},"modified":"2023-07-16T23:20:51","modified_gmt":"2023-07-17T02:20:51","slug":"tenes-planes-para-el-fin-de-semana-agenda-cultural-7","status":"publish","type":"post","link":"https:\/\/vinasfm.com\/noticias\/tenes-planes-para-el-fin-de-semana-agenda-cultural-7\/","title":{"rendered":"\u00bfTENES PLANES PARA EL FIN DE SEMANA? AGENDA CULTURAL"},"content":{"rendered":"<p><strong>La Directora de Cultura, Liana Piedrafita, brind\u00f3 detalles de las actividades que propone General Alvear para este fin de semana.<\/strong><\/p>\n<h2>\u00bfLo tuyo es la naturaleza?<\/h2>\n<ul>\n<li>Costanera Alvear abierto de jueves a domingo, de 14:30 a 20:30h<\/li>\n<li>Reserva municipal El Trapal, todos los d\u00edas de 10 a 19h<\/li>\n<\/ul>\n<h2>O tal vez te gusta disfrutar del arte<\/h2>\n<ul>\n<li>Multiespacio cultural Bodega Fara\u00f3n s\u00e1bados, domingos y feriados de 10 a 17h<\/li>\n<li>Museo municipal del Inmigrante s\u00e1bados, domingos y feriados de 9 a 12hs y de 16 a 19h<\/li>\n<li>Museo de Ciencias Naturales Rafael Reinoso s\u00e1bados, domingos y feriados 14:30 a 18:30h<\/li>\n<\/ul>\n<h2>O quiz\u00e1s prefieras pasar el fin de semana mirando pel\u00edculas<\/h2>\n<h3>Cartelera 2D:<\/h3>\n<ul>\n<li>Krakens y Sirenas: 16:3o h<\/li>\n<li>Casi Muerta: 19:30 h<\/li>\n<li>La Noche Del Demonio: 22:00 h<\/li>\n<\/ul>\n<p><a href=\"https:\/\/vinasfm.com\/noticias\/wp-content\/uploads\/2023\/07\/21db9ff5-5279-4d10-80b0-9b26ce4161f1.jpeg\"><img loading=\"lazy\" decoding=\"async\" class=\"wp-image-124461 aligncenter\" src=\"https:\/\/vinasfm.com\/noticias\/wp-content\/uploads\/2023\/07\/21db9ff5-5279-4d10-80b0-9b26ce4161f1.jpeg\" alt=\"\" width=\"500\" height=\"529\" srcset=\"https:\/\/vinasfm.com\/noticias\/wp-content\/uploads\/2023\/07\/21db9ff5-5279-4d10-80b0-9b26ce4161f1.jpeg 1513w, https:\/\/vinasfm.com\/noticias\/wp-content\/uploads\/2023\/07\/21db9ff5-5279-4d10-80b0-9b26ce4161f1-284x300.jpeg 284w, https:\/\/vinasfm.com\/noticias\/wp-content\/uploads\/2023\/07\/21db9ff5-5279-4d10-80b0-9b26ce4161f1-968x1024.jpeg 968w, https:\/\/vinasfm.com\/noticias\/wp-content\/uploads\/2023\/07\/21db9ff5-5279-4d10-80b0-9b26ce4161f1-768x812.jpeg 768w, https:\/\/vinasfm.com\/noticias\/wp-content\/uploads\/2023\/07\/21db9ff5-5279-4d10-80b0-9b26ce4161f1-1452x1536.jpeg 1452w\" sizes=\"auto, (max-width: 500px) 100vw, 500px\" \/><\/a><\/p>\n<h2>S\u00e1bado 15 de julio<\/h2>\n<p>&#8211; D\u00eda Mundial de las Habilidades de la Juventud<\/p>\n<h3>Actividades<\/h3>\n<ul>\n<li>14:30h Yoga con alma en Bodega Cooperativa La Regional, RN 188 km 800.<\/li>\n<li>17:30h Obra de teatro Divertimundo: para los chicos que defienden el planeta en Teatro Antonio Lafalla. Platea general $500.<\/li>\n<\/ul>\n<h2><a href=\"https:\/\/vinasfm.com\/noticias\/wp-content\/uploads\/2023\/07\/WhatsApp-Image-2023-07-05-at-22.15.51.jpeg\"><img loading=\"lazy\" decoding=\"async\" class=\"wp-image-124314 aligncenter\" src=\"https:\/\/vinasfm.com\/noticias\/wp-content\/uploads\/2023\/07\/WhatsApp-Image-2023-07-05-at-22.15.51.jpeg\" alt=\"\" width=\"500\" height=\"494\" srcset=\"https:\/\/vinasfm.com\/noticias\/wp-content\/uploads\/2023\/07\/WhatsApp-Image-2023-07-05-at-22.15.51.jpeg 1600w, https:\/\/vinasfm.com\/noticias\/wp-content\/uploads\/2023\/07\/WhatsApp-Image-2023-07-05-at-22.15.51-300x296.jpeg 300w, https:\/\/vinasfm.com\/noticias\/wp-content\/uploads\/2023\/07\/WhatsApp-Image-2023-07-05-at-22.15.51-1024x1012.jpeg 1024w, https:\/\/vinasfm.com\/noticias\/wp-content\/uploads\/2023\/07\/WhatsApp-Image-2023-07-05-at-22.15.51-768x759.jpeg 768w, https:\/\/vinasfm.com\/noticias\/wp-content\/uploads\/2023\/07\/WhatsApp-Image-2023-07-05-at-22.15.51-1536x1518.jpeg 1536w\" sizes=\"auto, (max-width: 500px) 100vw, 500px\" \/><\/a><br \/>\nDomingo 16 de julio<\/h2>\n<p>&#8211; D\u00eda de los Intereses Argentinos en el Mar<\/p>\n<h2>Actividades<\/h2>\n<p>15 a 18h Encuentro de Artes Visuales para ni\u00f1os en Plaza Departamental Carlos Mar\u00eda de Alvear. Juegos recreativos y art\u00edsticos, talleres de pintura y el mago Jorge Faro presenta Ilusionarte.<\/p>\n<h2>Vacaciones en Alvear<\/h2>\n<p>La pr\u00f3xima semana contin\u00faa el cronograma de actividades que recorre las plazas del departamento y ser\u00e1 el turno de los barrios San Carlos, Zangrandi y las plazas Ren\u00e9 Favaloro y San Mart\u00edn de Bowen<\/p>\n","protected":false},"excerpt":{"rendered":"<p>La Directora de Cultura, Liana Piedrafita, brind\u00f3 detalles de las actividades que propone General Alvear para este fin de semana. \u00bfLo &#8230;<\/p>\n","protected":false},"author":7,"featured_media":124244,"comment_status":"open","ping_status":"open","sticky":false,"template":"","format":"standard","meta":{"footnotes":""},"categories":[1],"tags":[],"class_list":["post-124460","post","type-post","status-publish","format-standard","has-post-thumbnail","hentry","category-fmvinas"],"_links":{"self":[{"href":"https:\/\/vinasfm.com\/noticias\/wp-json\/wp\/v2\/posts\/124460","targetHints":{"allow":["GET"]}}],"collection":[{"href":"https:\/\/vinasfm.com\/noticias\/wp-json\/wp\/v2\/posts"}],"about":[{"href":"https:\/\/vinasfm.com\/noticias\/wp-json\/wp\/v2\/types\/post"}],"author":[{"embeddable":true,"href":"https:\/\/vinasfm.com\/noticias\/wp-json\/wp\/v2\/users\/7"}],"replies":[{"embeddable":true,"href":"https:\/\/vinasfm.com\/noticias\/wp-json\/wp\/v2\/comments?post=124460"}],"version-history":[{"count":2,"href":"https:\/\/vinasfm.com\/noticias\/wp-json\/wp\/v2\/posts\/124460\/revisions"}],"predecessor-version":[{"id":124464,"href":"https:\/\/vinasfm.com\/noticias\/wp-json\/wp\/v2\/posts\/124460\/revisions\/124464"}],"wp:featuredmedia":[{"embeddable":true,"href":"https:\/\/vinasfm.com\/noticias\/wp-json\/wp\/v2\/media\/124244"}],"wp:attachment":[{"href":"https:\/\/vinasfm.com\/noticias\/wp-json\/wp\/v2\/media?parent=124460"}],"wp:term":[{"taxonomy":"category","embeddable":true,"href":"https:\/\/vinasfm.com\/noticias\/wp-json\/wp\/v2\/categories?post=124460"},{"taxonomy":"post_tag","embeddable":true,"href":"https:\/\/vinasfm.com\/noticias\/wp-json\/wp\/v2\/tags?post=124460"}],"curies":[{"name":"wp","href":"https:\/\/api.w.org\/{rel}","templated":true}]}}