{"id":124433,"date":"2023-07-14T09:15:08","date_gmt":"2023-07-14T12:15:08","guid":{"rendered":"https:\/\/vinasfm.com\/noticias\/?p=124433"},"modified":"2023-07-15T10:37:23","modified_gmt":"2023-07-15T13:37:23","slug":"un-camioneta-y-un-ciclista-colisionaron-en-el-km-0","status":"publish","type":"post","link":"https:\/\/vinasfm.com\/noticias\/un-camioneta-y-un-ciclista-colisionaron-en-el-km-0\/","title":{"rendered":"UNA CAMIONETA Y UN CICLISTA COLISIONARON EN EL KM 0"},"content":{"rendered":"<p><strong>El hecho sucedi\u00f3 en la tarde de este jueves, siendo las 19:30 horas aproximadamente.<\/strong><\/p>\n<p><strong>Un autom\u00f3vil circulaba por Avenida Alvear Oeste (de Oeste a Este) y al llegar a la rotonda del kil\u00f3metro cero colision\u00f3 con una bicicleta en la que se trasladaba un ciudadano mayo de edad por dicha rotonda con direcci\u00f3n hacia el Sur.<\/strong><\/p>\n<p>Producto de la colisi\u00f3n, el ciclista result\u00f3 con lesiones de car\u00e1cter leve el cual luego de ser examinado en el Hospital Enfermeros Argentinos se retira de alta.<\/p>\n","protected":false},"excerpt":{"rendered":"<p>El hecho sucedi\u00f3 en la tarde de este jueves, siendo las 19:30 horas aproximadamente. Un autom\u00f3vil circulaba por Avenida Alvear Oeste &#8230;<\/p>\n","protected":false},"author":7,"featured_media":124442,"comment_status":"open","ping_status":"open","sticky":false,"template":"","format":"standard","meta":{"footnotes":""},"categories":[5,10],"tags":[],"class_list":["post-124433","post","type-post","status-publish","format-standard","has-post-thumbnail","hentry","category-actualidad","category-destacadas"],"_links":{"self":[{"href":"https:\/\/vinasfm.com\/noticias\/wp-json\/wp\/v2\/posts\/124433","targetHints":{"allow":["GET"]}}],"collection":[{"href":"https:\/\/vinasfm.com\/noticias\/wp-json\/wp\/v2\/posts"}],"about":[{"href":"https:\/\/vinasfm.com\/noticias\/wp-json\/wp\/v2\/types\/post"}],"author":[{"embeddable":true,"href":"https:\/\/vinasfm.com\/noticias\/wp-json\/wp\/v2\/users\/7"}],"replies":[{"embeddable":true,"href":"https:\/\/vinasfm.com\/noticias\/wp-json\/wp\/v2\/comments?post=124433"}],"version-history":[{"count":3,"href":"https:\/\/vinasfm.com\/noticias\/wp-json\/wp\/v2\/posts\/124433\/revisions"}],"predecessor-version":[{"id":124473,"href":"https:\/\/vinasfm.com\/noticias\/wp-json\/wp\/v2\/posts\/124433\/revisions\/124473"}],"wp:featuredmedia":[{"embeddable":true,"href":"https:\/\/vinasfm.com\/noticias\/wp-json\/wp\/v2\/media\/124442"}],"wp:attachment":[{"href":"https:\/\/vinasfm.com\/noticias\/wp-json\/wp\/v2\/media?parent=124433"}],"wp:term":[{"taxonomy":"category","embeddable":true,"href":"https:\/\/vinasfm.com\/noticias\/wp-json\/wp\/v2\/categories?post=124433"},{"taxonomy":"post_tag","embeddable":true,"href":"https:\/\/vinasfm.com\/noticias\/wp-json\/wp\/v2\/tags?post=124433"}],"curies":[{"name":"wp","href":"https:\/\/api.w.org\/{rel}","templated":true}]}}