{"id":124423,"date":"2023-07-14T08:45:30","date_gmt":"2023-07-14T11:45:30","guid":{"rendered":"https:\/\/vinasfm.com\/noticias\/?p=124423"},"modified":"2023-07-14T21:13:24","modified_gmt":"2023-07-15T00:13:24","slug":"buscan-prohibir-que-en-los-negocios-se-presten-encendedores-para-disminuir-el-consumo-de-tabaco","status":"publish","type":"post","link":"https:\/\/vinasfm.com\/noticias\/buscan-prohibir-que-en-los-negocios-se-presten-encendedores-para-disminuir-el-consumo-de-tabaco\/","title":{"rendered":"BUSCAN PROHIBIR QUE EN LOS NEGOCIOS SE PRESTEN ENCENDEDORES PARA DISMINUIR EL CONSUMO DE TABACO"},"content":{"rendered":"<p><strong>El ins\u00f3lito proyecto, que tiene como autora a la diputada peronista Roxana Escudero, recibi\u00f3 duras cr\u00edticas de los mendocinos a lo largo de la semana. Sin embargo este se basa en los datos que brinda la Organizaci\u00f3n Mundial de la Salud. <\/strong><\/p>\n<p>El proyecto busca prohibir que los negocios que comercializan tabaco o cigarrillos presten encendedores y\/o f\u00f3sforos para encenderlos, seg\u00fan explic\u00f3 la misma Escudero <strong><em>\u201cas\u00ed se evita y disminuye la compra de cigarrillos, principalmente en los j\u00f3venes\u201d. <\/em><\/strong><\/p>\n<p>En resumen el proyecto indica: \u201c<strong>Proh\u00edbase la facilitaci\u00f3n o pr\u00e9stamo de encendedores, f\u00f3sforos, cerillas o cualquier otro elemento capaz de producir ignici\u00f3n en los locales comerciales donde se vende el tabaco, a los fines de desalentar su consumo\u201d. <\/strong>De aprobarse el proyecto y convertirse en ley dejar\u00eda de existir el \u2018encendedor colgado\u2019 ya que los fumadores deber\u00e1n comprar el mismo.<\/p>\n<p>La diputada peronista argument\u00f3 que <strong><em>\u201cseg\u00fan la Organizaci\u00f3n Mundial de la Salud cada a\u00f1o, a nivel mundial, m\u00e1s de 8 millones de personas fallecen a causa del\u00a0<\/em><\/strong><strong><em>tabaco<\/em><\/strong><strong><em>; m\u00e1s de 7 millones de estas defunciones se deben al consumo directo de tabaco y alrededor de 1,2 millones son consecuencia de la exposici\u00f3n de no fumadores al humo ajeno\u00bb.<\/em><\/strong><\/p>\n<p>La tambi\u00e9n m\u00e9dica sostiene que el fumador no perjudica solo su salud, sino que adem\u00e1s las personas que se encuentran a su lado quedan expuestas y se convierten en fumadores pasivos, sin importar si son ni\u00f1os o ancianos. Esto puede provocar serios problemas de salud, a veces hasta mortal.<\/p>\n<p>El ins\u00f3lito proyecto presentado por la diputada alvearense recibi\u00f3 dur\u00edsimas cr\u00edticas a lo largo de toda la provincia. <strong><em>\u201cMolesta que ataquen y aseguren que no trabajamos en nada porque en lo que va del a\u00f1o ya hemos presentado m\u00e1s de 100 proyecto de los cuales 24 son de ley. Se dijeron muchas cosas en tono burlesco sin consultar de qu\u00e9 se trataba\u201d, <\/em><\/strong><span style=\"color: #800080;\"><span style=\"color: #000000;\">manifest\u00f3<\/span> <strong>Roxana Escudero.<\/strong><\/span><\/p>\n<h2>Ley Antitabaco 2023<\/h2>\n<p>Este no es el primer proyecto que busca regular el consumo del tabaco, sobre todo en j\u00f3venes. A partir del de enero entr\u00f3 en vigor el decreto por el que se reforma, adiciona y deroga diversas disposiciones del Reglamento de la\u00a0Ley General para el Control del Tabaco, lo que implica prohibiciones para fumar en varios lugares p\u00fablicos cerrados, adem\u00e1s de impedimentos para la comercializaci\u00f3n de los cigarros de forma individual.<\/p>\n<p>Si bien es una Ley Nacional, Escudero subray\u00f3 que no se cumple porque <strong><em>\u201cel \u00f3rgano controlador es el ejecutivo pero no hay inspectores controlando que en los negocios no se vendan los cigarrillos sueltos\u201d. <\/em><\/strong><\/p>\n<p>Por \u00faltimo, la diputada Roxana Escudero expres\u00f3 \u201cpara algunas personas es no tiene ning\u00fan valor este proyecto pero cada <strong><em>vez es m\u00e1s baja la edad de los fumadores, todo el Gobierno tiene que trabajar para tratar estas adicciones. Sean una o diez las personas que dejen de fumar por este proyecto, para nosotros es importante\u201d.<\/em><\/strong><\/p>\n<h2>El proyecto<\/h2>\n<p><a href=\"https:\/\/vinasfm.com\/noticias\/wp-content\/uploads\/2023\/07\/proyecto-de-ley-tabaco.pdf\">proyecto de ley tabaco<\/a><\/p>\n","protected":false},"excerpt":{"rendered":"<p>El ins\u00f3lito proyecto, que tiene como autora a la diputada peronista Roxana Escudero, recibi\u00f3 duras cr\u00edticas de los mendocinos a lo &#8230;<\/p>\n","protected":false},"author":7,"featured_media":124426,"comment_status":"open","ping_status":"open","sticky":false,"template":"","format":"standard","meta":{"footnotes":""},"categories":[5,4],"tags":[],"class_list":["post-124423","post","type-post","status-publish","format-standard","has-post-thumbnail","hentry","category-actualidad","category-policiales"],"_links":{"self":[{"href":"https:\/\/vinasfm.com\/noticias\/wp-json\/wp\/v2\/posts\/124423","targetHints":{"allow":["GET"]}}],"collection":[{"href":"https:\/\/vinasfm.com\/noticias\/wp-json\/wp\/v2\/posts"}],"about":[{"href":"https:\/\/vinasfm.com\/noticias\/wp-json\/wp\/v2\/types\/post"}],"author":[{"embeddable":true,"href":"https:\/\/vinasfm.com\/noticias\/wp-json\/wp\/v2\/users\/7"}],"replies":[{"embeddable":true,"href":"https:\/\/vinasfm.com\/noticias\/wp-json\/wp\/v2\/comments?post=124423"}],"version-history":[{"count":3,"href":"https:\/\/vinasfm.com\/noticias\/wp-json\/wp\/v2\/posts\/124423\/revisions"}],"predecessor-version":[{"id":124432,"href":"https:\/\/vinasfm.com\/noticias\/wp-json\/wp\/v2\/posts\/124423\/revisions\/124432"}],"wp:featuredmedia":[{"embeddable":true,"href":"https:\/\/vinasfm.com\/noticias\/wp-json\/wp\/v2\/media\/124426"}],"wp:attachment":[{"href":"https:\/\/vinasfm.com\/noticias\/wp-json\/wp\/v2\/media?parent=124423"}],"wp:term":[{"taxonomy":"category","embeddable":true,"href":"https:\/\/vinasfm.com\/noticias\/wp-json\/wp\/v2\/categories?post=124423"},{"taxonomy":"post_tag","embeddable":true,"href":"https:\/\/vinasfm.com\/noticias\/wp-json\/wp\/v2\/tags?post=124423"}],"curies":[{"name":"wp","href":"https:\/\/api.w.org\/{rel}","templated":true}]}}