{"id":124357,"date":"2023-07-12T09:16:52","date_gmt":"2023-07-12T12:16:52","guid":{"rendered":"https:\/\/vinasfm.com\/noticias\/?p=124357"},"modified":"2023-07-13T08:45:31","modified_gmt":"2023-07-13T11:45:31","slug":"otra-vez-la-pampa-reclama-a-mendoza-por-no-cumplir-un-fallo-de-la-corte-sobre-el-rio-atuel","status":"publish","type":"post","link":"https:\/\/vinasfm.com\/noticias\/otra-vez-la-pampa-reclama-a-mendoza-por-no-cumplir-un-fallo-de-la-corte-sobre-el-rio-atuel\/","title":{"rendered":"OTRA VEZ LA PAMPA RECLAMA A MENDOZA POR NO CUMPLIR UN FALLO DE LA CORTE SOBRE EL R\u00cdO ATUEL"},"content":{"rendered":"<p><strong>La provincia de La Pampa volvi\u00f3 a fustigar a Mendoza por el no cumplimiento de un fallo de la Corte Suprema que se sancion\u00f3 hace 3 a\u00f1os, y por no entregar el caudal m\u00ednimo de agua en el r\u00edo Atuel<\/strong><\/p>\n<article class=\"article-body first\">\n<div class=\"article-content\">\n<div class=\"cuerpo\" data-twitter-link=\"\">\n<p>El\u00a0<strong>conflicto con La Pampa<\/strong>\u00a0por el reparto del agua\u00a0del\u00a0<strong>r\u00edo Atuel<\/strong>\u00a0es de larga data entre Mendoza y su vecina. La semana pasada el secretario de Recursos H\u00eddricos pampeano record\u00f3 en un medio local que\u00a0<strong>se van a cumplir tres a\u00f1os de un fallo de la Corte Suprema y que Mendoza \u00abno lo acat\u00f3 nunca\u00bb<\/strong>.<\/p>\n<\/div>\n<\/div>\n<\/article>\n<article class=\"article-body\">\n<div class=\"article-content\">\n<div class=\"cuerpo\" data-twitter-link=\"\">\n<p>El funcionario\u00a0<strong>N\u00e9stor Lastiri\u00a0<\/strong>explic\u00f3 en el medio pampeano diariotextual.com que\u00a0<strong>el pr\u00f3ximo 16 de este mes se cumplen tres a\u00f1os del fallo judicial de la Corte Suprema de Justicia de la Naci\u00f3n, que obliga a Mendoza a entregar 3,2 metros c\u00fabicos por segundo<\/strong>\u00a0(m3\/s).<\/p>\n<\/div>\n<\/div>\n<\/article>\n<article class=\"article-body third-p\">\n<div class=\"article-content\">\n<div class=\"cuerpo\" data-twitter-link=\"\">\n<p>Seg\u00fan Lastiri, \u201cen la estaci\u00f3n de aforo de Carmensa, al sur de General Alvear, Mendoza, el r\u00edo tiene un caudal de 2,02 metros c\u00fabicos por segundo, mientras que\u00a0<strong>en Puesto Ugalde, en La Pampa\u00a0<\/strong>(cerca del l\u00edmite interprovincial)<strong>, el caudal es cero<\/strong>\u00ab, se quej\u00f3.<\/p>\n<p>El 16 de Julio de 2020, los magistrados\u00a0<strong>Rosenkrantz, Highton de Nolasco, Lorenzetti, Maqueda y Rosatti<\/strong>\u00a0fallaron en la\u00a0<strong>Corte Suprema de Justicia de la Naci\u00f3n<\/strong>\u00a0a favor de la provincia de La Pampa en el diferendo por el caudal del r\u00edo Atuel. En la decisi\u00f3n, se obliga a Mendoza a\u00a0<strong>entregar un caudal m\u00ednimo permanente del r\u00edo de 3,2 m3\/s en el l\u00edmite interprovincial<\/strong>.<\/p>\n<p>El conflicto entre las provincias por el agua comenz\u00f3 cuando Mendoza comenz\u00f3 en 1947 con la construcci\u00f3n de la\u00a0<strong>represa El Nihuil<\/strong>\u00a0en San Rafael. Seg\u00fan los pampeanos, esto caus\u00f3 un grave impacto ecol\u00f3gico, al afectar a las especies aut\u00f3ctonas y a los pobladores del oeste pampeano que tuvieron que emigrar.<\/p>\n<h2>C\u00f3mo se trabaja el tema en Mendoza<\/h2>\n<p>Nuestra provincia argumenta que la obligaci\u00f3n est\u00e1 impuesta por la Corte Suprema y\u00a0<strong>no se cumple por el contexto clim\u00e1tico<\/strong>, que lo ha tornado imposible, y se habla de una \u00ab<strong>megasequ\u00eda<\/strong>\u00bb reinante.<\/p>\n<p>Para la actual conducci\u00f3n del gobierno mendocino, la soluci\u00f3n al conflicto<strong>\u00a0se traduce en obras que permitan el trasvase de las aguas del r\u00edo Grande -el m\u00e1s caudaloso de Mendoza- mediante un t\u00fanel de 24,5 kil\u00f3metros<\/strong>, que ir\u00eda desde Valle Hermoso (al Oeste de Las Le\u00f1as) hasta el r\u00edo Salado, que luego conecta con el r\u00edo Atuel, aguas arriba del embalse El Nihuil.<\/p>\n<p><strong>Las posibilidades estudiadas para el trasvase son tres<\/strong>: por la cuenca alta, la media o la baja. Los estudios que realiz\u00f3 hace 20 a\u00f1os la UTE (Uni\u00f3n Transitoria de Empresas) Harza Hissa determinaron que el mejor recorrido era el primero; entre distintas causas, porque permite aprovechar el cupo de los 34 metros c\u00fabicos por segundo que dispone Mendoza por decisi\u00f3n del mism\u00edsimo Coirco (Comit\u00e9 Interjurisdiccional del R\u00edo Colorado), a la vez que facilitar\u00eda cumplir con los 3,2 m3 por segundo que deben escurrir hacia La Pampa.<\/p>\n<\/div>\n<\/div>\n<\/article>\n","protected":false},"excerpt":{"rendered":"<p>La provincia de La Pampa volvi\u00f3 a fustigar a Mendoza por el no cumplimiento de un fallo de la Corte Suprema &#8230;<\/p>\n","protected":false},"author":7,"featured_media":124358,"comment_status":"open","ping_status":"open","sticky":false,"template":"","format":"standard","meta":{"footnotes":""},"categories":[5,54],"tags":[],"class_list":["post-124357","post","type-post","status-publish","format-standard","has-post-thumbnail","hentry","category-actualidad","category-conflicto-con-la-pampa"],"_links":{"self":[{"href":"https:\/\/vinasfm.com\/noticias\/wp-json\/wp\/v2\/posts\/124357","targetHints":{"allow":["GET"]}}],"collection":[{"href":"https:\/\/vinasfm.com\/noticias\/wp-json\/wp\/v2\/posts"}],"about":[{"href":"https:\/\/vinasfm.com\/noticias\/wp-json\/wp\/v2\/types\/post"}],"author":[{"embeddable":true,"href":"https:\/\/vinasfm.com\/noticias\/wp-json\/wp\/v2\/users\/7"}],"replies":[{"embeddable":true,"href":"https:\/\/vinasfm.com\/noticias\/wp-json\/wp\/v2\/comments?post=124357"}],"version-history":[{"count":1,"href":"https:\/\/vinasfm.com\/noticias\/wp-json\/wp\/v2\/posts\/124357\/revisions"}],"predecessor-version":[{"id":124359,"href":"https:\/\/vinasfm.com\/noticias\/wp-json\/wp\/v2\/posts\/124357\/revisions\/124359"}],"wp:featuredmedia":[{"embeddable":true,"href":"https:\/\/vinasfm.com\/noticias\/wp-json\/wp\/v2\/media\/124358"}],"wp:attachment":[{"href":"https:\/\/vinasfm.com\/noticias\/wp-json\/wp\/v2\/media?parent=124357"}],"wp:term":[{"taxonomy":"category","embeddable":true,"href":"https:\/\/vinasfm.com\/noticias\/wp-json\/wp\/v2\/categories?post=124357"},{"taxonomy":"post_tag","embeddable":true,"href":"https:\/\/vinasfm.com\/noticias\/wp-json\/wp\/v2\/tags?post=124357"}],"curies":[{"name":"wp","href":"https:\/\/api.w.org\/{rel}","templated":true}]}}